{"id":5501,"date":"2025-05-01T18:50:08","date_gmt":"2025-05-01T16:50:08","guid":{"rendered":"https:\/\/www.asimas.it\/new_asimas\/?p=5501"},"modified":"2025-05-01T18:50:09","modified_gmt":"2025-05-01T16:50:09","slug":"assemblea-annuale-asimas-2025","status":"publish","type":"post","link":"https:\/\/www.asimas.it\/new_asimas\/assemblea-annuale-asimas-2025\/","title":{"rendered":"Assemblea Annuale ASIMAS 2025"},"content":{"rendered":"<div id=\"pl-5501\"  class=\"panel-layout\" ><div id=\"pg-5501-0\"  class=\"panel-grid panel-no-style\" ><div id=\"pgc-5501-0-0\"  class=\"panel-grid-cell\" ><div id=\"panel-5501-0-0-0\" class=\"so-panel widget widget_text panel-first-child\" data-index=\"0\" >\t\t\t<div class=\"textwidget\"><p>Sabato 12 aprile 2025 \u00e8 stata una giornata speciale per ASIMAS. Si \u00e8 infatti tenuta la nostra assemblea annuale, un momento sempre importante di confronto, riflessione e rinnovamento.<\/p>\n<\/div>\n\t\t<\/div><div id=\"panel-5501-0-0-1\" class=\"so-panel widget widget_text\" data-index=\"1\" >\t\t\t<div class=\"textwidget\"><p>Quest\u2019anno l\u2019assemblea ha segnato un passaggio fondamentale: il rinnovo del Direttivo, ormai giunto a scadenza. La votazione si \u00e8 svolta sia in presenza che online, attraverso una piattaforma certificata, permettendo cos\u00ec a tanti soci di partecipare attivamente, anche a distanza.<\/p>\n<\/div>\n\t\t<\/div><div id=\"panel-5501-0-0-2\" class=\"so-panel widget widget_text\" data-index=\"2\" ><h3 class=\"widget-title\">Di seguito il Direttivo ASIMAS dopo le votazioni:<\/h3>\t\t\t<div class=\"textwidget\"><p>&#8211; Presidente: Patrizia Marcis<\/p>\n<p>&#8211; Vice Presidente: Paolo Camagni<\/p>\n<p>&#8211; Consiglieri: Teresa Ferraro, Gaetano Barracane, Alessandro Cicotti, Salvatore Lico<\/p>\n<\/div>\n\t\t<\/div><div id=\"panel-5501-0-0-3\" class=\"so-panel widget widget_text\" data-index=\"3\" >\t\t\t<div class=\"textwidget\"><p>Siamo profondamente grati a chi ha offerto la propria disponibilit\u00e0 per guidare l\u2019associazione con passione, competenza e spirito di servizio.<\/p>\n<\/div>\n\t\t<\/div><div id=\"panel-5501-0-0-4\" class=\"so-panel widget widget_text\" data-index=\"4\" >\t\t\t<div class=\"textwidget\"><p>L\u2019assemblea ha visto una partecipazione calorosa sia in sala che online, e uno dei momenti pi\u00f9 intensi ed emozionanti \u00e8 stato senza dubbio l\u2019intervento della Professoressa Carmen Fava, ematologa dell\u2019Ospedale Mauriziano di Torino. Le sue parole ci hanno ispirato e aperto nuove prospettive, illustrandoci le pi\u00f9 recenti tecniche diagnostiche e i traguardi sempre pi\u00f9 ambiziosi in tema di cura e ricerca.<\/p>\n<\/div>\n\t\t<\/div><div id=\"panel-5501-0-0-5\" class=\"so-panel widget widget_text\" data-index=\"5\" >\t\t\t<div class=\"textwidget\"><p>Dopo l\u2019assemblea, il nuovo Direttivo si \u00e8 riunito subito per discutere i progetti in corso e le idee per il futuro. L\u2019obiettivo comune \u00e8 chiaro: rafforzare le attivit\u00e0 di divulgazione, formazione e informazione, coinvolgendo sempre pi\u00f9 medici e specialisti in tutta Italia.<\/p>\n<\/div>\n\t\t<\/div><div id=\"panel-5501-0-0-6\" class=\"so-panel widget widget_text\" data-index=\"6\" >\t\t\t<div class=\"textwidget\"><p>Uno dei punti pi\u00f9 urgenti emersi riguarda un tema che ci sta particolarmente a cuore: la pericolosit\u00e0 dell\u2019informazione non scientifica e dell\u2019automedicazione.<\/p>\n<\/div>\n\t\t<\/div><div id=\"panel-5501-0-0-7\" class=\"so-panel widget widget_text\" data-index=\"7\" >\t\t\t<div class=\"textwidget\"><p>Per questo, il Direttivo ha preso una posizione netta: ASIMAS si dissocia da ogni gruppo WhatsApp o realt\u00e0 esterna che non sia ufficialmente riconosciuta dall\u2019associazione. \u00c8 fondamentale che ogni informazione, consiglio o supporto medico passi solo attraverso canali ufficiali e qualificati. Quando si parla di salute, non c\u2019\u00e8 spazio per l\u2019approssimazione.<\/p>\n<\/div>\n\t\t<\/div><div id=\"panel-5501-0-0-8\" class=\"so-panel widget widget_text\" data-index=\"8\" >\t\t\t<div class=\"textwidget\"><p>Lavoreremo ancora con pi\u00f9 forza per contrastare la disinformazione, offrendo ai pazienti e alle famiglie solo contenuti validati, con trasparenza, rigore e attenzione umana.<\/p>\n<\/div>\n\t\t<\/div><div id=\"panel-5501-0-0-9\" class=\"so-panel widget widget_text\" data-index=\"9\" >\t\t\t<div class=\"textwidget\"><p>Grazie di cuore a tutti voi che ci sostenete, che partecipate, che credete nel valore della comunit\u00e0. Insieme, possiamo fare ancora tanto.<\/p>\n<\/div>\n\t\t<\/div><div id=\"panel-5501-0-0-10\" class=\"so-panel widget widget_text\" data-index=\"10\" >\t\t\t<div class=\"textwidget\"><p>Un forte abbraccio, ASIMAS<\/p>\n<\/div>\n\t\t<\/div><div id=\"panel-5501-0-0-11\" class=\"so-panel widget widget_media_gallery panel-last-child\" data-index=\"11\" >\n\t\t<style type=\"text\/css\">\n\t\t\t#gallery-1 {\n\t\t\t\tmargin: auto;\n\t\t\t}\n\t\t\t#gallery-1 .gallery-item {\n\t\t\t\tfloat: left;\n\t\t\t\tmargin-top: 10px;\n\t\t\t\ttext-align: center;\n\t\t\t\twidth: 50%;\n\t\t\t}\n\t\t\t#gallery-1 img {\n\t\t\t\tborder: 2px solid #cfcfcf;\n\t\t\t}\n\t\t\t#gallery-1 .gallery-caption {\n\t\t\t\tmargin-left: 0;\n\t\t\t}\n\t\t\t\/* see gallery_shortcode() in wp-includes\/media.php *\/\n\t\t<\/style>\n\t\t<div id='gallery-1' class='gallery galleryid-5501 gallery-columns-2 gallery-size-medium'><dl class='gallery-item'>\n\t\t\t<dt class='gallery-icon landscape'>\n\t\t\t\t<a href='https:\/\/www.asimas.it\/new_asimas\/assemblea-annuale-asimas-2025\/490568189_4066224670265864_5523453913346802274_n\/'><img width=\"300\" height=\"225\" src=\"https:\/\/www.asimas.it\/new_asimas\/wp-content\/uploads\/2025\/05\/490568189_4066224670265864_5523453913346802274_n-300x225.jpg\" class=\"attachment-medium size-medium\" alt=\"Assemblea Asimas 2025\" loading=\"lazy\" srcset=\"https:\/\/www.asimas.it\/new_asimas\/wp-content\/uploads\/2025\/05\/490568189_4066224670265864_5523453913346802274_n-300x225.jpg 300w, https:\/\/www.asimas.it\/new_asimas\/wp-content\/uploads\/2025\/05\/490568189_4066224670265864_5523453913346802274_n-1024x768.jpg 1024w, https:\/\/www.asimas.it\/new_asimas\/wp-content\/uploads\/2025\/05\/490568189_4066224670265864_5523453913346802274_n-768x576.jpg 768w, https:\/\/www.asimas.it\/new_asimas\/wp-content\/uploads\/2025\/05\/490568189_4066224670265864_5523453913346802274_n-1536x1152.jpg 1536w, https:\/\/www.asimas.it\/new_asimas\/wp-content\/uploads\/2025\/05\/490568189_4066224670265864_5523453913346802274_n.jpg 1600w\" sizes=\"(max-width: 300px) 100vw, 300px\" \/><\/a>\n\t\t\t<\/dt><\/dl><dl class='gallery-item'>\n\t\t\t<dt class='gallery-icon portrait'>\n\t\t\t\t<a href='https:\/\/www.asimas.it\/new_asimas\/assemblea-annuale-asimas-2025\/486640151_4066225183599146_7266508770897525706_n\/'><img width=\"182\" height=\"300\" src=\"https:\/\/www.asimas.it\/new_asimas\/wp-content\/uploads\/2025\/05\/486640151_4066225183599146_7266508770897525706_n-182x300.jpg\" class=\"attachment-medium size-medium\" alt=\"Assemblea Asimas 2025\" loading=\"lazy\" srcset=\"https:\/\/www.asimas.it\/new_asimas\/wp-content\/uploads\/2025\/05\/486640151_4066225183599146_7266508770897525706_n-182x300.jpg 182w, https:\/\/www.asimas.it\/new_asimas\/wp-content\/uploads\/2025\/05\/486640151_4066225183599146_7266508770897525706_n-623x1024.jpg 623w, https:\/\/www.asimas.it\/new_asimas\/wp-content\/uploads\/2025\/05\/486640151_4066225183599146_7266508770897525706_n-768x1263.jpg 768w, https:\/\/www.asimas.it\/new_asimas\/wp-content\/uploads\/2025\/05\/486640151_4066225183599146_7266508770897525706_n-934x1536.jpg 934w, https:\/\/www.asimas.it\/new_asimas\/wp-content\/uploads\/2025\/05\/486640151_4066225183599146_7266508770897525706_n.jpg 1191w\" sizes=\"(max-width: 182px) 100vw, 182px\" \/><\/a>\n\t\t\t<\/dt><\/dl><br style=\"clear: both\" \/><dl class='gallery-item'>\n\t\t\t<dt class='gallery-icon landscape'>\n\t\t\t\t<a href='https:\/\/www.asimas.it\/new_asimas\/assemblea-annuale-asimas-2025\/490021875_4066225026932495_5493940908452453087_n\/'><img width=\"300\" height=\"226\" src=\"https:\/\/www.asimas.it\/new_asimas\/wp-content\/uploads\/2025\/05\/490021875_4066225026932495_5493940908452453087_n-300x226.jpg\" class=\"attachment-medium size-medium\" alt=\"Assemblea Asimas 2025\" loading=\"lazy\" srcset=\"https:\/\/www.asimas.it\/new_asimas\/wp-content\/uploads\/2025\/05\/490021875_4066225026932495_5493940908452453087_n-300x226.jpg 300w, https:\/\/www.asimas.it\/new_asimas\/wp-content\/uploads\/2025\/05\/490021875_4066225026932495_5493940908452453087_n-1024x771.jpg 1024w, https:\/\/www.asimas.it\/new_asimas\/wp-content\/uploads\/2025\/05\/490021875_4066225026932495_5493940908452453087_n-768x578.jpg 768w, https:\/\/www.asimas.it\/new_asimas\/wp-content\/uploads\/2025\/05\/490021875_4066225026932495_5493940908452453087_n-1536x1157.jpg 1536w, https:\/\/www.asimas.it\/new_asimas\/wp-content\/uploads\/2025\/05\/490021875_4066225026932495_5493940908452453087_n.jpg 2048w\" sizes=\"(max-width: 300px) 100vw, 300px\" \/><\/a>\n\t\t\t<\/dt><\/dl><dl class='gallery-item'>\n\t\t\t<dt class='gallery-icon landscape'>\n\t\t\t\t<a href='https:\/\/www.asimas.it\/new_asimas\/assemblea-annuale-asimas-2025\/486788161_4066225440265787_1822328342924160842_n\/'><img width=\"300\" height=\"226\" src=\"https:\/\/www.asimas.it\/new_asimas\/wp-content\/uploads\/2025\/05\/486788161_4066225440265787_1822328342924160842_n-300x226.jpg\" class=\"attachment-medium size-medium\" alt=\"Assemblea Asimas 2025\" loading=\"lazy\" srcset=\"https:\/\/www.asimas.it\/new_asimas\/wp-content\/uploads\/2025\/05\/486788161_4066225440265787_1822328342924160842_n-300x226.jpg 300w, https:\/\/www.asimas.it\/new_asimas\/wp-content\/uploads\/2025\/05\/486788161_4066225440265787_1822328342924160842_n-1024x771.jpg 1024w, https:\/\/www.asimas.it\/new_asimas\/wp-content\/uploads\/2025\/05\/486788161_4066225440265787_1822328342924160842_n-768x578.jpg 768w, https:\/\/www.asimas.it\/new_asimas\/wp-content\/uploads\/2025\/05\/486788161_4066225440265787_1822328342924160842_n-1536x1157.jpg 1536w, https:\/\/www.asimas.it\/new_asimas\/wp-content\/uploads\/2025\/05\/486788161_4066225440265787_1822328342924160842_n.jpg 2048w\" sizes=\"(max-width: 300px) 100vw, 300px\" \/><\/a>\n\t\t\t<\/dt><\/dl><br style=\"clear: both\" \/>\n\t\t<\/div>\n<\/div><\/div><\/div><\/div>","protected":false},"excerpt":{"rendered":"<p>Sabato 12 aprile 2025 \u00e8 stata una giornata speciale per ASIMAS. Si \u00e8 infatti tenuta la nostra assemblea annuale, un momento sempre importante di confronto, riflessione e rinnovamento. Quest\u2019anno l\u2019assemblea [&hellip;]<\/p>\n","protected":false},"author":1,"featured_media":0,"comment_status":"closed","ping_status":"open","sticky":false,"template":"","format":"standard","meta":[],"categories":[24,2],"tags":[],"yoast_head":"<!-- This site is optimized with the Yoast SEO plugin v18.4.1 - https:\/\/yoast.com\/wordpress\/plugins\/seo\/ -->\r\n<title>Assemblea Annuale ASIMAS 2025 - Asimas<\/title>\r\n<meta name=\"robots\" content=\"noindex, follow\" \/>\r\n<meta property=\"og:locale\" content=\"it_IT\" \/>\r\n<meta property=\"og:type\" content=\"article\" \/>\r\n<meta property=\"og:title\" content=\"Assemblea Annuale ASIMAS 2025 - Asimas\" \/>\r\n<meta property=\"og:description\" content=\"Sabato 12 aprile 2025 \u00e8 stata una giornata speciale per ASIMAS. Si \u00e8 infatti tenuta la nostra assemblea annuale, un momento sempre importante di confronto, riflessione e rinnovamento. Quest\u2019anno l\u2019assemblea [&hellip;]\" \/>\r\n<meta property=\"og:url\" content=\"http:\/\/www.asimas.it\/new_asimas\/assemblea-annuale-asimas-2025\/\" \/>\r\n<meta property=\"og:site_name\" content=\"Asimas\" \/>\r\n<meta property=\"article:published_time\" content=\"2025-05-01T16:50:08+00:00\" \/>\r\n<meta property=\"article:modified_time\" content=\"2025-05-01T16:50:09+00:00\" \/>\r\n<meta name=\"twitter:card\" content=\"summary_large_image\" \/>\r\n<meta name=\"twitter:label1\" content=\"Scritto da\" \/>\n\t<meta name=\"twitter:data1\" content=\"Dani\" \/>\n\t<meta name=\"twitter:label2\" content=\"Tempo di lettura stimato\" \/>\n\t<meta name=\"twitter:data2\" content=\"2 minuti\" \/>\r\n<script type=\"application\/ld+json\" class=\"yoast-schema-graph\">{\"@context\":\"https:\/\/schema.org\",\"@graph\":[{\"@type\":\"Organization\",\"@id\":\"https:\/\/www.asimas.it\/new_asimas\/#organization\",\"name\":\"ASIMAS - Associazione Italiana Mastocitosi\",\"url\":\"https:\/\/www.asimas.it\/new_asimas\/\",\"sameAs\":[],\"logo\":{\"@type\":\"ImageObject\",\"@id\":\"https:\/\/www.asimas.it\/new_asimas\/#logo\",\"inLanguage\":\"it-IT\",\"url\":\"https:\/\/www.asimas.it\/new_asimas\/wp-content\/uploads\/2019\/04\/logo-asimas.png\",\"contentUrl\":\"https:\/\/www.asimas.it\/new_asimas\/wp-content\/uploads\/2019\/04\/logo-asimas.png\",\"width\":240,\"height\":240,\"caption\":\"ASIMAS - Associazione Italiana Mastocitosi\"},\"image\":{\"@id\":\"https:\/\/www.asimas.it\/new_asimas\/#logo\"}},{\"@type\":\"WebSite\",\"@id\":\"https:\/\/www.asimas.it\/new_asimas\/#website\",\"url\":\"https:\/\/www.asimas.it\/new_asimas\/\",\"name\":\"Asimas\",\"description\":\"Associazione Italiana Mastocitosi\",\"publisher\":{\"@id\":\"https:\/\/www.asimas.it\/new_asimas\/#organization\"},\"potentialAction\":[{\"@type\":\"SearchAction\",\"target\":{\"@type\":\"EntryPoint\",\"urlTemplate\":\"https:\/\/www.asimas.it\/new_asimas\/?s={search_term_string}\"},\"query-input\":\"required name=search_term_string\"}],\"inLanguage\":\"it-IT\"},{\"@type\":\"WebPage\",\"@id\":\"http:\/\/www.asimas.it\/new_asimas\/assemblea-annuale-asimas-2025\/#webpage\",\"url\":\"http:\/\/www.asimas.it\/new_asimas\/assemblea-annuale-asimas-2025\/\",\"name\":\"Assemblea Annuale ASIMAS 2025 - Asimas\",\"isPartOf\":{\"@id\":\"https:\/\/www.asimas.it\/new_asimas\/#website\"},\"datePublished\":\"2025-05-01T16:50:08+00:00\",\"dateModified\":\"2025-05-01T16:50:09+00:00\",\"breadcrumb\":{\"@id\":\"http:\/\/www.asimas.it\/new_asimas\/assemblea-annuale-asimas-2025\/#breadcrumb\"},\"inLanguage\":\"it-IT\",\"potentialAction\":[{\"@type\":\"ReadAction\",\"target\":[\"http:\/\/www.asimas.it\/new_asimas\/assemblea-annuale-asimas-2025\/\"]}]},{\"@type\":\"BreadcrumbList\",\"@id\":\"http:\/\/www.asimas.it\/new_asimas\/assemblea-annuale-asimas-2025\/#breadcrumb\",\"itemListElement\":[{\"@type\":\"ListItem\",\"position\":1,\"name\":\"Home\",\"item\":\"https:\/\/www.asimas.it\/new_asimas\/\"},{\"@type\":\"ListItem\",\"position\":2,\"name\":\"Assemblea Annuale ASIMAS 2025\"}]},{\"@type\":\"Article\",\"@id\":\"http:\/\/www.asimas.it\/new_asimas\/assemblea-annuale-asimas-2025\/#article\",\"isPartOf\":{\"@id\":\"http:\/\/www.asimas.it\/new_asimas\/assemblea-annuale-asimas-2025\/#webpage\"},\"author\":{\"@id\":\"https:\/\/www.asimas.it\/new_asimas\/#\/schema\/person\/f4cff0d0946e80b069d013531ab38b84\"},\"headline\":\"Assemblea Annuale ASIMAS 2025\",\"datePublished\":\"2025-05-01T16:50:08+00:00\",\"dateModified\":\"2025-05-01T16:50:09+00:00\",\"mainEntityOfPage\":{\"@id\":\"http:\/\/www.asimas.it\/new_asimas\/assemblea-annuale-asimas-2025\/#webpage\"},\"wordCount\":353,\"publisher\":{\"@id\":\"https:\/\/www.asimas.it\/new_asimas\/#organization\"},\"articleSection\":[\"2025\",\"News\"],\"inLanguage\":\"it-IT\"},{\"@type\":\"Person\",\"@id\":\"https:\/\/www.asimas.it\/new_asimas\/#\/schema\/person\/f4cff0d0946e80b069d013531ab38b84\",\"name\":\"Dani\",\"image\":{\"@type\":\"ImageObject\",\"@id\":\"https:\/\/www.asimas.it\/new_asimas\/#personlogo\",\"inLanguage\":\"it-IT\",\"url\":\"https:\/\/secure.gravatar.com\/avatar\/c03fe6a88949b182e89f15f862f46000?s=96&d=mm&r=g\",\"contentUrl\":\"https:\/\/secure.gravatar.com\/avatar\/c03fe6a88949b182e89f15f862f46000?s=96&d=mm&r=g\",\"caption\":\"Dani\"},\"url\":\"https:\/\/www.asimas.it\/new_asimas\/author\/admin\/\"}]}<\/script>\r\n<!-- \/ Yoast SEO plugin. -->","yoast_head_json":{"title":"Assemblea Annuale ASIMAS 2025 - Asimas","robots":{"index":"noindex","follow":"follow"},"og_locale":"it_IT","og_type":"article","og_title":"Assemblea Annuale ASIMAS 2025 - Asimas","og_description":"Sabato 12 aprile 2025 \u00e8 stata una giornata speciale per ASIMAS. Si \u00e8 infatti tenuta la nostra assemblea annuale, un momento sempre importante di confronto, riflessione e rinnovamento. Quest\u2019anno l\u2019assemblea [&hellip;]","og_url":"http:\/\/www.asimas.it\/new_asimas\/assemblea-annuale-asimas-2025\/","og_site_name":"Asimas","article_published_time":"2025-05-01T16:50:08+00:00","article_modified_time":"2025-05-01T16:50:09+00:00","twitter_card":"summary_large_image","twitter_misc":{"Scritto da":"Dani","Tempo di lettura stimato":"2 minuti"},"schema":{"@context":"https:\/\/schema.org","@graph":[{"@type":"Organization","@id":"https:\/\/www.asimas.it\/new_asimas\/#organization","name":"ASIMAS - Associazione Italiana Mastocitosi","url":"https:\/\/www.asimas.it\/new_asimas\/","sameAs":[],"logo":{"@type":"ImageObject","@id":"https:\/\/www.asimas.it\/new_asimas\/#logo","inLanguage":"it-IT","url":"https:\/\/www.asimas.it\/new_asimas\/wp-content\/uploads\/2019\/04\/logo-asimas.png","contentUrl":"https:\/\/www.asimas.it\/new_asimas\/wp-content\/uploads\/2019\/04\/logo-asimas.png","width":240,"height":240,"caption":"ASIMAS - Associazione Italiana Mastocitosi"},"image":{"@id":"https:\/\/www.asimas.it\/new_asimas\/#logo"}},{"@type":"WebSite","@id":"https:\/\/www.asimas.it\/new_asimas\/#website","url":"https:\/\/www.asimas.it\/new_asimas\/","name":"Asimas","description":"Associazione Italiana Mastocitosi","publisher":{"@id":"https:\/\/www.asimas.it\/new_asimas\/#organization"},"potentialAction":[{"@type":"SearchAction","target":{"@type":"EntryPoint","urlTemplate":"https:\/\/www.asimas.it\/new_asimas\/?s={search_term_string}"},"query-input":"required name=search_term_string"}],"inLanguage":"it-IT"},{"@type":"WebPage","@id":"http:\/\/www.asimas.it\/new_asimas\/assemblea-annuale-asimas-2025\/#webpage","url":"http:\/\/www.asimas.it\/new_asimas\/assemblea-annuale-asimas-2025\/","name":"Assemblea Annuale ASIMAS 2025 - Asimas","isPartOf":{"@id":"https:\/\/www.asimas.it\/new_asimas\/#website"},"datePublished":"2025-05-01T16:50:08+00:00","dateModified":"2025-05-01T16:50:09+00:00","breadcrumb":{"@id":"http:\/\/www.asimas.it\/new_asimas\/assemblea-annuale-asimas-2025\/#breadcrumb"},"inLanguage":"it-IT","potentialAction":[{"@type":"ReadAction","target":["http:\/\/www.asimas.it\/new_asimas\/assemblea-annuale-asimas-2025\/"]}]},{"@type":"BreadcrumbList","@id":"http:\/\/www.asimas.it\/new_asimas\/assemblea-annuale-asimas-2025\/#breadcrumb","itemListElement":[{"@type":"ListItem","position":1,"name":"Home","item":"https:\/\/www.asimas.it\/new_asimas\/"},{"@type":"ListItem","position":2,"name":"Assemblea Annuale ASIMAS 2025"}]},{"@type":"Article","@id":"http:\/\/www.asimas.it\/new_asimas\/assemblea-annuale-asimas-2025\/#article","isPartOf":{"@id":"http:\/\/www.asimas.it\/new_asimas\/assemblea-annuale-asimas-2025\/#webpage"},"author":{"@id":"https:\/\/www.asimas.it\/new_asimas\/#\/schema\/person\/f4cff0d0946e80b069d013531ab38b84"},"headline":"Assemblea Annuale ASIMAS 2025","datePublished":"2025-05-01T16:50:08+00:00","dateModified":"2025-05-01T16:50:09+00:00","mainEntityOfPage":{"@id":"http:\/\/www.asimas.it\/new_asimas\/assemblea-annuale-asimas-2025\/#webpage"},"wordCount":353,"publisher":{"@id":"https:\/\/www.asimas.it\/new_asimas\/#organization"},"articleSection":["2025","News"],"inLanguage":"it-IT"},{"@type":"Person","@id":"https:\/\/www.asimas.it\/new_asimas\/#\/schema\/person\/f4cff0d0946e80b069d013531ab38b84","name":"Dani","image":{"@type":"ImageObject","@id":"https:\/\/www.asimas.it\/new_asimas\/#personlogo","inLanguage":"it-IT","url":"https:\/\/secure.gravatar.com\/avatar\/c03fe6a88949b182e89f15f862f46000?s=96&d=mm&r=g","contentUrl":"https:\/\/secure.gravatar.com\/avatar\/c03fe6a88949b182e89f15f862f46000?s=96&d=mm&r=g","caption":"Dani"},"url":"https:\/\/www.asimas.it\/new_asimas\/author\/admin\/"}]}},"_links":{"self":[{"href":"https:\/\/www.asimas.it\/new_asimas\/wp-json\/wp\/v2\/posts\/5501"}],"collection":[{"href":"https:\/\/www.asimas.it\/new_asimas\/wp-json\/wp\/v2\/posts"}],"about":[{"href":"https:\/\/www.asimas.it\/new_asimas\/wp-json\/wp\/v2\/types\/post"}],"author":[{"embeddable":true,"href":"https:\/\/www.asimas.it\/new_asimas\/wp-json\/wp\/v2\/users\/1"}],"replies":[{"embeddable":true,"href":"https:\/\/www.asimas.it\/new_asimas\/wp-json\/wp\/v2\/comments?post=5501"}],"version-history":[{"count":2,"href":"https:\/\/www.asimas.it\/new_asimas\/wp-json\/wp\/v2\/posts\/5501\/revisions"}],"predecessor-version":[{"id":5507,"href":"https:\/\/www.asimas.it\/new_asimas\/wp-json\/wp\/v2\/posts\/5501\/revisions\/5507"}],"wp:attachment":[{"href":"https:\/\/www.asimas.it\/new_asimas\/wp-json\/wp\/v2\/media?parent=5501"}],"wp:term":[{"taxonomy":"category","embeddable":true,"href":"https:\/\/www.asimas.it\/new_asimas\/wp-json\/wp\/v2\/categories?post=5501"},{"taxonomy":"post_tag","embeddable":true,"href":"https:\/\/www.asimas.it\/new_asimas\/wp-json\/wp\/v2\/tags?post=5501"}],"curies":[{"name":"wp","href":"https:\/\/api.w.org\/{rel}","templated":true}]}}