{"id":5712,"date":"2025-10-25T15:04:17","date_gmt":"2025-10-25T13:04:17","guid":{"rendered":"https:\/\/www.asimas.it\/new_asimas\/?p=5712"},"modified":"2025-10-25T15:09:31","modified_gmt":"2025-10-25T13:09:31","slug":"coloriamo-di-viola-i-monumenti","status":"publish","type":"post","link":"http:\/\/www.asimas.it\/new_asimas\/coloriamo-di-viola-i-monumenti\/","title":{"rendered":"20 ottobre &#8211; Alcune foto dell&#8217;iniziativa &#8220;Coloriamo di viola i monumenti&#8221;"},"content":{"rendered":"<div id=\"pl-5712\"  class=\"panel-layout\" ><div id=\"pg-5712-0\"  class=\"panel-grid panel-no-style\" ><div id=\"pgc-5712-0-0\"  class=\"panel-grid-cell\" ><div id=\"panel-5712-0-0-0\" class=\"so-panel widget widget_text panel-first-child\" data-index=\"0\" >\t\t\t<div class=\"textwidget\"><p>Anche quest\u2019anno, il 20 ottobre, l\u2019Italia si \u00e8 colorata di viola per la Giornata Internazionale della Mastocitosi.<\/p>\n<\/div>\n\t\t<\/div><div id=\"panel-5712-0-0-1\" class=\"so-panel widget widget_text\" data-index=\"1\" >\t\t\t<div class=\"textwidget\"><p>Da Nord a Sud, monumenti, palazzi e municipi si sono illuminati per portare visibilit\u00e0 e consapevolezza su una malattia rara che ancora oggi necessita di maggiore attenzione e comprensione.<\/p>\n<\/div>\n\t\t<\/div><div id=\"panel-5712-0-0-2\" class=\"so-panel widget widget_text\" data-index=\"2\" >\t\t\t<div class=\"textwidget\"><p>Un gesto semplice, ma dal profondo significato: unire tante voci in un messaggio di solidariet\u00e0, speranza e vicinanza a chi convive ogni giorno con la mastocitosi e le patologie mastocitarie.<\/p>\n<\/div>\n\t\t<\/div><div id=\"panel-5712-0-0-3\" class=\"so-panel widget widget_text\" data-index=\"3\" >\t\t\t<div class=\"textwidget\"><p>Le foto, i post e le condivisioni sui social hanno mostrato una comunit\u00e0 viva, attenta e pronta a fare la differenza. Ogni luce accesa, ogni scatto condiviso \u00e8 diventato un piccolo faro contro l\u2019indifferenza, ricordandoci che dietro a ogni storia rara c\u2019\u00e8 una persona che merita ascolto, sostegno e ricerca.<\/p>\n<\/div>\n\t\t<\/div><div id=\"panel-5712-0-0-4\" class=\"so-panel widget widget_text\" data-index=\"4\" >\t\t\t<div class=\"textwidget\"><p>Riportiamo di seguito una fotogallery di alcune foto su questa importantissima giornata ringraziando di cuore, insieme ai Comuni, tutti coloro che hanno partecipato, collaborato e condiviso!<\/p>\n<\/div>\n\t\t<\/div><div id=\"panel-5712-0-0-6\" class=\"so-panel widget widget_text\" data-index=\"6\" >\t\t\t<div class=\"textwidget\"><p>La Giornata Internazionale della Mastocitosi non \u00e8 solo un appuntamento simbolico, ma un\u2019occasione per rinnovare l\u2019impegno collettivo verso la sensibilizzazione e la conoscenza.<\/p>\n<\/div>\n\t\t<\/div><div id=\"panel-5712-0-0-7\" class=\"so-panel widget widget_text\" data-index=\"7\" >\t\t\t<div class=\"textwidget\"><p>Continuare a parlarne significa contribuire a migliorare la qualit\u00e0 della vita dei pazienti e a sostenere la ricerca, affinch\u00e9 un domani ci siano risposte sempre pi\u00f9 concrete, per tutti.<\/p>\n<\/div>\n\t\t<\/div><div id=\"panel-5712-0-0-8\" class=\"so-panel widget widget_text\" data-index=\"8\" >\t\t\t<div class=\"textwidget\"><p>Un forte abbraccio,<\/p>\n<p>Asimas<\/p>\n<\/div>\n\t\t<\/div><div id=\"panel-5712-0-0-9\" class=\"so-panel widget widget_text\" data-index=\"9\" >\t\t\t<div class=\"textwidget\"><\/div>\n\t\t<\/div><div id=\"panel-5712-0-0-10\" class=\"so-panel widget widget_text\" data-index=\"10\" >\t\t\t<div class=\"textwidget\"><\/div>\n\t\t<\/div><div id=\"panel-5712-0-0-11\" class=\"so-panel widget widget_text panel-last-child\" data-index=\"11\" >\t\t\t<div class=\"textwidget\"><\/div>\n\t\t<\/div><\/div><\/div><\/div>","protected":false},"excerpt":{"rendered":"<p>Anche quest\u2019anno, il 20 ottobre, l\u2019Italia si \u00e8 colorata di viola per la Giornata Internazionale della Mastocitosi. Da Nord a Sud, monumenti, palazzi e municipi si sono illuminati per portare [&hellip;]<\/p>\n","protected":false},"author":1,"featured_media":5690,"comment_status":"closed","ping_status":"open","sticky":false,"template":"","format":"standard","meta":[],"categories":[24,2],"tags":[],"yoast_head":"<!-- This site is optimized with the Yoast SEO plugin v18.4.1 - https:\/\/yoast.com\/wordpress\/plugins\/seo\/ -->\r\n<title>20 ottobre - Alcune foto dell&#039;iniziativa &quot;Coloriamo di viola i monumenti&quot; - Asimas<\/title>\r\n<meta name=\"description\" content=\"Anche quest\u2019anno, il 20 ottobre, l\u2019Italia si \u00e8 colorata di viola per la Giornata Internazionale della Mastocitosi.Da Nord a Sud, monumenti, palazzi e municipi si sono illuminati per portare visibilit\u00e0 e consapevolezza su una malattia rara che ancora oggi necessita di maggiore attenzione e comprensione.\" \/>\r\n<meta name=\"robots\" content=\"noindex, follow\" \/>\r\n<meta property=\"og:locale\" content=\"it_IT\" \/>\r\n<meta property=\"og:type\" content=\"article\" \/>\r\n<meta property=\"og:title\" content=\"20 ottobre - Alcune foto dell&#039;iniziativa &quot;Coloriamo di viola i monumenti&quot; - Asimas\" \/>\r\n<meta property=\"og:description\" content=\"Anche quest\u2019anno, il 20 ottobre, l\u2019Italia si \u00e8 colorata di viola per la Giornata Internazionale della Mastocitosi.Da Nord a Sud, monumenti, palazzi e municipi si sono illuminati per portare visibilit\u00e0 e consapevolezza su una malattia rara che ancora oggi necessita di maggiore attenzione e comprensione.\" \/>\r\n<meta property=\"og:url\" content=\"http:\/\/www.asimas.it\/new_asimas\/coloriamo-di-viola-i-monumenti\/\" \/>\r\n<meta property=\"og:site_name\" content=\"Asimas\" \/>\r\n<meta property=\"article:published_time\" content=\"2025-10-25T13:04:17+00:00\" \/>\r\n<meta property=\"article:modified_time\" content=\"2025-10-25T13:09:31+00:00\" \/>\r\n<meta property=\"og:image\" content=\"http:\/\/www.asimas.it\/new_asimas\/wp-content\/uploads\/2025\/10\/Palermo-Teatro-Massimo.jpg\" \/>\r\n\t<meta property=\"og:image:width\" content=\"1080\" \/>\r\n\t<meta property=\"og:image:height\" content=\"1080\" \/>\r\n\t<meta property=\"og:image:type\" content=\"image\/jpeg\" \/>\r\n<meta name=\"twitter:card\" content=\"summary_large_image\" \/>\r\n<meta name=\"twitter:label1\" content=\"Scritto da\" \/>\n\t<meta name=\"twitter:data1\" content=\"Dani\" \/>\n\t<meta name=\"twitter:label2\" content=\"Tempo di lettura stimato\" \/>\n\t<meta name=\"twitter:data2\" content=\"1 minuto\" \/>\r\n<script type=\"application\/ld+json\" class=\"yoast-schema-graph\">{\"@context\":\"https:\/\/schema.org\",\"@graph\":[{\"@type\":\"Organization\",\"@id\":\"https:\/\/www.asimas.it\/new_asimas\/#organization\",\"name\":\"ASIMAS - Associazione Italiana Mastocitosi\",\"url\":\"https:\/\/www.asimas.it\/new_asimas\/\",\"sameAs\":[],\"logo\":{\"@type\":\"ImageObject\",\"@id\":\"https:\/\/www.asimas.it\/new_asimas\/#logo\",\"inLanguage\":\"it-IT\",\"url\":\"https:\/\/www.asimas.it\/new_asimas\/wp-content\/uploads\/2019\/04\/logo-asimas.png\",\"contentUrl\":\"https:\/\/www.asimas.it\/new_asimas\/wp-content\/uploads\/2019\/04\/logo-asimas.png\",\"width\":240,\"height\":240,\"caption\":\"ASIMAS - Associazione Italiana Mastocitosi\"},\"image\":{\"@id\":\"https:\/\/www.asimas.it\/new_asimas\/#logo\"}},{\"@type\":\"WebSite\",\"@id\":\"https:\/\/www.asimas.it\/new_asimas\/#website\",\"url\":\"https:\/\/www.asimas.it\/new_asimas\/\",\"name\":\"Asimas\",\"description\":\"Associazione Italiana Mastocitosi\",\"publisher\":{\"@id\":\"https:\/\/www.asimas.it\/new_asimas\/#organization\"},\"potentialAction\":[{\"@type\":\"SearchAction\",\"target\":{\"@type\":\"EntryPoint\",\"urlTemplate\":\"https:\/\/www.asimas.it\/new_asimas\/?s={search_term_string}\"},\"query-input\":\"required name=search_term_string\"}],\"inLanguage\":\"it-IT\"},{\"@type\":\"ImageObject\",\"@id\":\"http:\/\/www.asimas.it\/new_asimas\/coloriamo-di-viola-i-monumenti\/#primaryimage\",\"inLanguage\":\"it-IT\",\"url\":\"http:\/\/www.asimas.it\/new_asimas\/wp-content\/uploads\/2025\/10\/Palermo-Teatro-Massimo.jpg\",\"contentUrl\":\"http:\/\/www.asimas.it\/new_asimas\/wp-content\/uploads\/2025\/10\/Palermo-Teatro-Massimo.jpg\",\"width\":1080,\"height\":1080,\"caption\":\"Palermo - Teatro Massimo\"},{\"@type\":\"WebPage\",\"@id\":\"http:\/\/www.asimas.it\/new_asimas\/coloriamo-di-viola-i-monumenti\/#webpage\",\"url\":\"http:\/\/www.asimas.it\/new_asimas\/coloriamo-di-viola-i-monumenti\/\",\"name\":\"20 ottobre - Alcune foto dell'iniziativa \\\"Coloriamo di viola i monumenti\\\" - Asimas\",\"isPartOf\":{\"@id\":\"https:\/\/www.asimas.it\/new_asimas\/#website\"},\"primaryImageOfPage\":{\"@id\":\"http:\/\/www.asimas.it\/new_asimas\/coloriamo-di-viola-i-monumenti\/#primaryimage\"},\"datePublished\":\"2025-10-25T13:04:17+00:00\",\"dateModified\":\"2025-10-25T13:09:31+00:00\",\"description\":\"Anche quest\u2019anno, il 20 ottobre, l\u2019Italia si \u00e8 colorata di viola per la Giornata Internazionale della Mastocitosi.Da Nord a Sud, monumenti, palazzi e municipi si sono illuminati per portare visibilit\u00e0 e consapevolezza su una malattia rara che ancora oggi necessita di maggiore attenzione e comprensione.\",\"breadcrumb\":{\"@id\":\"http:\/\/www.asimas.it\/new_asimas\/coloriamo-di-viola-i-monumenti\/#breadcrumb\"},\"inLanguage\":\"it-IT\",\"potentialAction\":[{\"@type\":\"ReadAction\",\"target\":[\"http:\/\/www.asimas.it\/new_asimas\/coloriamo-di-viola-i-monumenti\/\"]}]},{\"@type\":\"BreadcrumbList\",\"@id\":\"http:\/\/www.asimas.it\/new_asimas\/coloriamo-di-viola-i-monumenti\/#breadcrumb\",\"itemListElement\":[{\"@type\":\"ListItem\",\"position\":1,\"name\":\"Home\",\"item\":\"https:\/\/www.asimas.it\/new_asimas\/\"},{\"@type\":\"ListItem\",\"position\":2,\"name\":\"20 ottobre &#8211; Alcune foto dell&#8217;iniziativa &#8220;Coloriamo di viola i monumenti&#8221;\"}]},{\"@type\":\"Article\",\"@id\":\"http:\/\/www.asimas.it\/new_asimas\/coloriamo-di-viola-i-monumenti\/#article\",\"isPartOf\":{\"@id\":\"http:\/\/www.asimas.it\/new_asimas\/coloriamo-di-viola-i-monumenti\/#webpage\"},\"author\":{\"@id\":\"https:\/\/www.asimas.it\/new_asimas\/#\/schema\/person\/f4cff0d0946e80b069d013531ab38b84\"},\"headline\":\"20 ottobre &#8211; Alcune foto dell&#8217;iniziativa &#8220;Coloriamo di viola i monumenti&#8221;\",\"datePublished\":\"2025-10-25T13:04:17+00:00\",\"dateModified\":\"2025-10-25T13:09:31+00:00\",\"mainEntityOfPage\":{\"@id\":\"http:\/\/www.asimas.it\/new_asimas\/coloriamo-di-viola-i-monumenti\/#webpage\"},\"wordCount\":230,\"publisher\":{\"@id\":\"https:\/\/www.asimas.it\/new_asimas\/#organization\"},\"image\":{\"@id\":\"http:\/\/www.asimas.it\/new_asimas\/coloriamo-di-viola-i-monumenti\/#primaryimage\"},\"thumbnailUrl\":\"http:\/\/www.asimas.it\/new_asimas\/wp-content\/uploads\/2025\/10\/Palermo-Teatro-Massimo.jpg\",\"articleSection\":[\"2025\",\"News\"],\"inLanguage\":\"it-IT\"},{\"@type\":\"Person\",\"@id\":\"https:\/\/www.asimas.it\/new_asimas\/#\/schema\/person\/f4cff0d0946e80b069d013531ab38b84\",\"name\":\"Dani\",\"image\":{\"@type\":\"ImageObject\",\"@id\":\"https:\/\/www.asimas.it\/new_asimas\/#personlogo\",\"inLanguage\":\"it-IT\",\"url\":\"http:\/\/0.gravatar.com\/avatar\/c03fe6a88949b182e89f15f862f46000?s=96&d=mm&r=g\",\"contentUrl\":\"http:\/\/0.gravatar.com\/avatar\/c03fe6a88949b182e89f15f862f46000?s=96&d=mm&r=g\",\"caption\":\"Dani\"},\"url\":\"http:\/\/www.asimas.it\/new_asimas\/author\/admin\/\"}]}<\/script>\r\n<!-- \/ Yoast SEO plugin. -->","yoast_head_json":{"title":"20 ottobre - Alcune foto dell'iniziativa \"Coloriamo di viola i monumenti\" - Asimas","description":"Anche quest\u2019anno, il 20 ottobre, l\u2019Italia si \u00e8 colorata di viola per la Giornata Internazionale della Mastocitosi.Da Nord a Sud, monumenti, palazzi e municipi si sono illuminati per portare visibilit\u00e0 e consapevolezza su una malattia rara che ancora oggi necessita di maggiore attenzione e comprensione.","robots":{"index":"noindex","follow":"follow"},"og_locale":"it_IT","og_type":"article","og_title":"20 ottobre - Alcune foto dell'iniziativa \"Coloriamo di viola i monumenti\" - Asimas","og_description":"Anche quest\u2019anno, il 20 ottobre, l\u2019Italia si \u00e8 colorata di viola per la Giornata Internazionale della Mastocitosi.Da Nord a Sud, monumenti, palazzi e municipi si sono illuminati per portare visibilit\u00e0 e consapevolezza su una malattia rara che ancora oggi necessita di maggiore attenzione e comprensione.","og_url":"http:\/\/www.asimas.it\/new_asimas\/coloriamo-di-viola-i-monumenti\/","og_site_name":"Asimas","article_published_time":"2025-10-25T13:04:17+00:00","article_modified_time":"2025-10-25T13:09:31+00:00","og_image":[{"width":1080,"height":1080,"url":"http:\/\/www.asimas.it\/new_asimas\/wp-content\/uploads\/2025\/10\/Palermo-Teatro-Massimo.jpg","type":"image\/jpeg"}],"twitter_card":"summary_large_image","twitter_misc":{"Scritto da":"Dani","Tempo di lettura stimato":"1 minuto"},"schema":{"@context":"https:\/\/schema.org","@graph":[{"@type":"Organization","@id":"https:\/\/www.asimas.it\/new_asimas\/#organization","name":"ASIMAS - Associazione Italiana Mastocitosi","url":"https:\/\/www.asimas.it\/new_asimas\/","sameAs":[],"logo":{"@type":"ImageObject","@id":"https:\/\/www.asimas.it\/new_asimas\/#logo","inLanguage":"it-IT","url":"https:\/\/www.asimas.it\/new_asimas\/wp-content\/uploads\/2019\/04\/logo-asimas.png","contentUrl":"https:\/\/www.asimas.it\/new_asimas\/wp-content\/uploads\/2019\/04\/logo-asimas.png","width":240,"height":240,"caption":"ASIMAS - Associazione Italiana Mastocitosi"},"image":{"@id":"https:\/\/www.asimas.it\/new_asimas\/#logo"}},{"@type":"WebSite","@id":"https:\/\/www.asimas.it\/new_asimas\/#website","url":"https:\/\/www.asimas.it\/new_asimas\/","name":"Asimas","description":"Associazione Italiana Mastocitosi","publisher":{"@id":"https:\/\/www.asimas.it\/new_asimas\/#organization"},"potentialAction":[{"@type":"SearchAction","target":{"@type":"EntryPoint","urlTemplate":"https:\/\/www.asimas.it\/new_asimas\/?s={search_term_string}"},"query-input":"required name=search_term_string"}],"inLanguage":"it-IT"},{"@type":"ImageObject","@id":"http:\/\/www.asimas.it\/new_asimas\/coloriamo-di-viola-i-monumenti\/#primaryimage","inLanguage":"it-IT","url":"http:\/\/www.asimas.it\/new_asimas\/wp-content\/uploads\/2025\/10\/Palermo-Teatro-Massimo.jpg","contentUrl":"http:\/\/www.asimas.it\/new_asimas\/wp-content\/uploads\/2025\/10\/Palermo-Teatro-Massimo.jpg","width":1080,"height":1080,"caption":"Palermo - Teatro Massimo"},{"@type":"WebPage","@id":"http:\/\/www.asimas.it\/new_asimas\/coloriamo-di-viola-i-monumenti\/#webpage","url":"http:\/\/www.asimas.it\/new_asimas\/coloriamo-di-viola-i-monumenti\/","name":"20 ottobre - Alcune foto dell'iniziativa \"Coloriamo di viola i monumenti\" - Asimas","isPartOf":{"@id":"https:\/\/www.asimas.it\/new_asimas\/#website"},"primaryImageOfPage":{"@id":"http:\/\/www.asimas.it\/new_asimas\/coloriamo-di-viola-i-monumenti\/#primaryimage"},"datePublished":"2025-10-25T13:04:17+00:00","dateModified":"2025-10-25T13:09:31+00:00","description":"Anche quest\u2019anno, il 20 ottobre, l\u2019Italia si \u00e8 colorata di viola per la Giornata Internazionale della Mastocitosi.Da Nord a Sud, monumenti, palazzi e municipi si sono illuminati per portare visibilit\u00e0 e consapevolezza su una malattia rara che ancora oggi necessita di maggiore attenzione e comprensione.","breadcrumb":{"@id":"http:\/\/www.asimas.it\/new_asimas\/coloriamo-di-viola-i-monumenti\/#breadcrumb"},"inLanguage":"it-IT","potentialAction":[{"@type":"ReadAction","target":["http:\/\/www.asimas.it\/new_asimas\/coloriamo-di-viola-i-monumenti\/"]}]},{"@type":"BreadcrumbList","@id":"http:\/\/www.asimas.it\/new_asimas\/coloriamo-di-viola-i-monumenti\/#breadcrumb","itemListElement":[{"@type":"ListItem","position":1,"name":"Home","item":"https:\/\/www.asimas.it\/new_asimas\/"},{"@type":"ListItem","position":2,"name":"20 ottobre &#8211; Alcune foto dell&#8217;iniziativa &#8220;Coloriamo di viola i monumenti&#8221;"}]},{"@type":"Article","@id":"http:\/\/www.asimas.it\/new_asimas\/coloriamo-di-viola-i-monumenti\/#article","isPartOf":{"@id":"http:\/\/www.asimas.it\/new_asimas\/coloriamo-di-viola-i-monumenti\/#webpage"},"author":{"@id":"https:\/\/www.asimas.it\/new_asimas\/#\/schema\/person\/f4cff0d0946e80b069d013531ab38b84"},"headline":"20 ottobre &#8211; Alcune foto dell&#8217;iniziativa &#8220;Coloriamo di viola i monumenti&#8221;","datePublished":"2025-10-25T13:04:17+00:00","dateModified":"2025-10-25T13:09:31+00:00","mainEntityOfPage":{"@id":"http:\/\/www.asimas.it\/new_asimas\/coloriamo-di-viola-i-monumenti\/#webpage"},"wordCount":230,"publisher":{"@id":"https:\/\/www.asimas.it\/new_asimas\/#organization"},"image":{"@id":"http:\/\/www.asimas.it\/new_asimas\/coloriamo-di-viola-i-monumenti\/#primaryimage"},"thumbnailUrl":"http:\/\/www.asimas.it\/new_asimas\/wp-content\/uploads\/2025\/10\/Palermo-Teatro-Massimo.jpg","articleSection":["2025","News"],"inLanguage":"it-IT"},{"@type":"Person","@id":"https:\/\/www.asimas.it\/new_asimas\/#\/schema\/person\/f4cff0d0946e80b069d013531ab38b84","name":"Dani","image":{"@type":"ImageObject","@id":"https:\/\/www.asimas.it\/new_asimas\/#personlogo","inLanguage":"it-IT","url":"http:\/\/0.gravatar.com\/avatar\/c03fe6a88949b182e89f15f862f46000?s=96&d=mm&r=g","contentUrl":"http:\/\/0.gravatar.com\/avatar\/c03fe6a88949b182e89f15f862f46000?s=96&d=mm&r=g","caption":"Dani"},"url":"http:\/\/www.asimas.it\/new_asimas\/author\/admin\/"}]}},"_links":{"self":[{"href":"http:\/\/www.asimas.it\/new_asimas\/wp-json\/wp\/v2\/posts\/5712"}],"collection":[{"href":"http:\/\/www.asimas.it\/new_asimas\/wp-json\/wp\/v2\/posts"}],"about":[{"href":"http:\/\/www.asimas.it\/new_asimas\/wp-json\/wp\/v2\/types\/post"}],"author":[{"embeddable":true,"href":"http:\/\/www.asimas.it\/new_asimas\/wp-json\/wp\/v2\/users\/1"}],"replies":[{"embeddable":true,"href":"http:\/\/www.asimas.it\/new_asimas\/wp-json\/wp\/v2\/comments?post=5712"}],"version-history":[{"count":6,"href":"http:\/\/www.asimas.it\/new_asimas\/wp-json\/wp\/v2\/posts\/5712\/revisions"}],"predecessor-version":[{"id":5718,"href":"http:\/\/www.asimas.it\/new_asimas\/wp-json\/wp\/v2\/posts\/5712\/revisions\/5718"}],"wp:featuredmedia":[{"embeddable":true,"href":"http:\/\/www.asimas.it\/new_asimas\/wp-json\/wp\/v2\/media\/5690"}],"wp:attachment":[{"href":"http:\/\/www.asimas.it\/new_asimas\/wp-json\/wp\/v2\/media?parent=5712"}],"wp:term":[{"taxonomy":"category","embeddable":true,"href":"http:\/\/www.asimas.it\/new_asimas\/wp-json\/wp\/v2\/categories?post=5712"},{"taxonomy":"post_tag","embeddable":true,"href":"http:\/\/www.asimas.it\/new_asimas\/wp-json\/wp\/v2\/tags?post=5712"}],"curies":[{"name":"wp","href":"https:\/\/api.w.org\/{rel}","templated":true}]}}