{"id":5625,"date":"2025-10-11T10:02:40","date_gmt":"2025-10-11T08:02:40","guid":{"rendered":"https:\/\/www.asimas.it\/new_asimas\/?p=5625"},"modified":"2025-10-11T14:56:37","modified_gmt":"2025-10-11T12:56:37","slug":"giornata-internazionale-della-mastocitosi","status":"publish","type":"post","link":"http:\/\/www.asimas.it\/new_asimas\/giornata-internazionale-della-mastocitosi\/","title":{"rendered":"Giornata Internazionale della Mastocitosi e disordini mastocitari &#8211; 20 Ottobre 2025"},"content":{"rendered":"<div id=\"pl-5625\"  class=\"panel-layout\" ><div id=\"pg-5625-0\"  class=\"panel-grid panel-no-style\" ><div id=\"pgc-5625-0-0\"  class=\"panel-grid-cell\" ><div id=\"panel-5625-0-0-0\" class=\"so-panel widget widget_text panel-first-child\" data-index=\"0\" >\t\t\t<div class=\"textwidget\"><p>Il <strong data-start=\"798\" data-end=\"812\">20 ottobre<\/strong> non \u00e8 una data come le altre, ma una giornata speciale, una di quelle che segnano il calendario del cuore!<\/p>\n<\/div>\n\t\t<\/div><div id=\"panel-5625-0-0-1\" class=\"so-panel widget widget_text\" data-index=\"1\" >\t\t\t<div class=\"textwidget\"><p>Ogni anno, in tutto il mondo, il 20 ottobre si celebra la <strong data-start=\"989\" data-end=\"1062\">Giornata Internazionale della Mastocitosi e dei Disordini Mastocitari<\/strong>. Una giornata importante, che nasce dal bisogno \u2013 e dal desiderio \u2013 di <strong data-start=\"1134\" data-end=\"1192\">dare visibilit\u00e0 a chi convive con queste malattie rare<\/strong>, spesso invisibili agli occhi degli altri, ma presenti ogni singolo giorno nella vita di chi le affronta.<\/p>\n<\/div>\n\t\t<\/div><div id=\"panel-5625-0-0-2\" class=\"so-panel widget widget_text\" data-index=\"2\" ><h3 class=\"widget-title\">Una giornata per sentirsi meno soli.<\/h3>\t\t\t<div class=\"textwidget\"><p data-start=\"1300\" data-end=\"1615\">Per riconoscersi nelle esperienze altrui, per dire \u201cti capisco\u201d, per costruire vicinanza, anche solo con un pensiero o una parola.<br data-start=\"1475\" data-end=\"1478\" \/>\u00c8 una giornata in cui <strong data-start=\"1500\" data-end=\"1565\">accendiamo i riflettori su una realt\u00e0 difficile da raccontare<\/strong>, ma che merita attenzione, ascolto, comprensione.<\/p>\n<\/div>\n\t\t<\/div><div id=\"panel-5625-0-0-3\" class=\"so-panel widget widget_text\" data-index=\"3\" ><h3 class=\"widget-title\">Perch\u00e9 \u00e8 cos\u00ec importante una giornata dedicata?<\/h3>\t\t\t<div class=\"textwidget\"><p data-start=\"1663\" data-end=\"1906\">Perch\u00e9 la mastocitosi e i disordini mastocitari non si vedono facilmente. Non gridano, non fanno rumore. Ma ci sono.<br data-start=\"1779\" data-end=\"1782\" \/><br \/>\nE chi ne soffre, spesso si trova a lottare in silenzio, tra diagnosi incerte, sintomi altalenanti, paure, domande, attese.<\/p>\n<p data-start=\"1908\" data-end=\"2115\">Il <strong data-start=\"1911\" data-end=\"1925\">20 ottobre<\/strong> serve anche questo, a ricordare che ogni storia conta, a ricordare che dietro una malattia rara ci sono <strong data-start=\"2016\" data-end=\"2032\">persone vere<\/strong>, con una vita piena di sfide, ma anche di sogni, di forza, di voglia di normalit\u00e0.<\/p>\n<p data-start=\"2117\" data-end=\"2284\">\u00c8 un\u2019occasione per dire a\u00a0 tutti: <strong data-start=\"2173\" data-end=\"2192\">&#8220;Siamo con voi&#8221;<\/strong>.<\/p>\n<\/div>\n\t\t<\/div><div id=\"panel-5625-0-0-4\" class=\"so-panel widget widget_text\" data-index=\"4\" ><h3 class=\"widget-title\">Sempre insieme a voi<\/h3>\t\t\t<div class=\"textwidget\"><p data-start=\"2313\" data-end=\"2531\">Come associazione, il nostro impegno va avanti ogni giorno dell\u2019anno, ma il 20 ottobre ha un sapore diverso!<br data-start=\"2421\" data-end=\"2424\" \/><br \/>\n\u00c8 il momento in cui ci fermiamo, guardiamo indietro e avanti, e ci ricordiamo perch\u00e9 facciamo tutto questo:<\/p>\n<p data-start=\"2533\" data-end=\"2816\">Lo facciamo per i bambini che imparano a convivere con una diagnosi difficile.<br data-start=\"2611\" data-end=\"2614\" \/>Per gli adulti che devono reinventare la propria quotidianit\u00e0.<br data-start=\"2676\" data-end=\"2679\" \/>Per le famiglie che si stringono, si supportano, si fanno forza.<br data-start=\"2743\" data-end=\"2746\" \/>Per tutti quei pazienti che chiedono, semplicemente, di essere capiti.<\/p>\n<\/div>\n\t\t<\/div><div id=\"panel-5625-0-0-5\" class=\"so-panel widget widget_text\" data-index=\"5\" ><h3 class=\"widget-title\">Il 20 ottobre \u00e8 di tutti<\/h3>\t\t\t<div class=\"textwidget\"><p data-start=\"2868\" data-end=\"3025\">Non servono grandi azioni per essere parte di questa giornata: a\u00a0volte basta <strong data-start=\"2947\" data-end=\"2972\">un pensiero condiviso<\/strong>, <strong data-start=\"2974\" data-end=\"2987\">una frase<\/strong>, <strong data-start=\"2989\" data-end=\"3000\">un post<\/strong>, <strong data-start=\"3002\" data-end=\"3024\">una parola gentile<\/strong>.<\/p>\n<p data-start=\"3027\" data-end=\"3247\">La Giornata Internazionale della Mastocitosi\u00a0 non \u00e8 solo di chi convive con la mastocitosi o con un disordine mastocitario, ma anche di chi decide di <strong data-start=\"4092\" data-end=\"4106\">informarsi<\/strong>, di chi vuole <strong data-start=\"4121\" data-end=\"4132\">esserci<\/strong>, di chi sceglie di <strong data-start=\"4152\" data-end=\"4171\">tendere la mano<\/strong>.<\/p>\n<\/div>\n\t\t<\/div><div id=\"panel-5625-0-0-6\" class=\"so-panel widget widget_text\" data-index=\"6\" ><h3 class=\"widget-title\">Nota aggiuntiva<\/h3>\t\t\t<div class=\"textwidget\"><p data-start=\"2868\" data-end=\"3025\">Ci teniamo a comunicare che<strong data-start=\"444\" data-end=\"501\"> Palermo si illuminer\u00e0 di viola la sera del 19 ottobre<\/strong>, un giorno prima della ricorrenza ufficiale, per via di un impegno istituzionale previsto il 20. Un gesto simbolico che, anche quest\u2019anno, ci ricorda quanto sia importante dare visibilit\u00e0 alla nostra realt\u00e0!<\/p>\n<\/div>\n\t\t<\/div><div id=\"panel-5625-0-0-7\" class=\"so-panel widget widget_text\" data-index=\"7\" ><h3 class=\"widget-title\">Stay tuned: tante iniziative in arrivo<\/h3>\t\t\t<div class=\"textwidget\"><p data-start=\"2868\" data-end=\"3025\">L\u2019articolo verr\u00e0 <strong data-start=\"732\" data-end=\"773\">aggiornato con il manifesto ufficiale<\/strong> della Giornata Internazionale redatto da Asimas, non appena avremo la lista definitiva delle citt\u00e0 che illumineranno di viola i loro monumenti.<\/p>\n<p data-start=\"901\" data-end=\"1106\">Inoltre, <b>sono in fase di definizione <\/b>alcune iniziative per promuovere momenti di incontro, condivisione e sensibilizzazione.<\/p>\n<p data-start=\"1108\" data-end=\"1244\">Vi invitiamo a <strong data-start=\"1123\" data-end=\"1174\">seguire il nostro sito e i nostri canali social<\/strong> per rimanere aggiornati su tutte le novit\u00e0 in programma!<\/p>\n<p>Un forte abbraccio,<\/p>\n<p>Asimas<\/p>\n<\/div>\n\t\t<\/div><div id=\"panel-5625-0-0-8\" class=\"so-panel widget widget_text\" data-index=\"8\" >\t\t\t<div class=\"textwidget\"><\/div>\n\t\t<\/div><div id=\"panel-5625-0-0-9\" class=\"so-panel widget widget_text\" data-index=\"9\" >\t\t\t<div class=\"textwidget\"><\/div>\n\t\t<\/div><div id=\"panel-5625-0-0-10\" class=\"so-panel widget widget_text panel-last-child\" data-index=\"10\" >\t\t\t<div class=\"textwidget\"><\/div>\n\t\t<\/div><\/div><\/div><\/div>","protected":false},"excerpt":{"rendered":"<p>Il 20 ottobre non \u00e8 una data come le altre, ma una giornata speciale, una di quelle che segnano il calendario del cuore! Ogni anno, in tutto il mondo, il [&hellip;]<\/p>\n","protected":false},"author":1,"featured_media":0,"comment_status":"closed","ping_status":"open","sticky":false,"template":"","format":"standard","meta":[],"categories":[24,2],"tags":[],"yoast_head":"<!-- This site is optimized with the Yoast SEO plugin v18.4.1 - https:\/\/yoast.com\/wordpress\/plugins\/seo\/ -->\r\n<title>Giornata Internazionale della Mastocitosi e disordini mastocitari - 20 Ottobre 2025 - Asimas<\/title>\r\n<meta name=\"description\" content=\"Il 20 ottobre non \u00e8 una data come le altre, ma una giornata speciale, una di quelle che segnano il calendario del cuore!\" \/>\r\n<meta name=\"robots\" content=\"noindex, follow\" \/>\r\n<meta property=\"og:locale\" content=\"it_IT\" \/>\r\n<meta property=\"og:type\" content=\"article\" \/>\r\n<meta property=\"og:title\" content=\"Giornata Internazionale della Mastocitosi e disordini mastocitari - 20 Ottobre 2025 - Asimas\" \/>\r\n<meta property=\"og:description\" content=\"Il 20 ottobre non \u00e8 una data come le altre, ma una giornata speciale, una di quelle che segnano il calendario del cuore!\" \/>\r\n<meta property=\"og:url\" content=\"https:\/\/www.asimas.it\/new_asimas\/giornata-internazionale-della-mastocitosi\/\" \/>\r\n<meta property=\"og:site_name\" content=\"Asimas\" \/>\r\n<meta property=\"article:published_time\" content=\"2025-10-11T08:02:40+00:00\" \/>\r\n<meta property=\"article:modified_time\" content=\"2025-10-11T12:56:37+00:00\" \/>\r\n<meta name=\"twitter:card\" content=\"summary_large_image\" \/>\r\n<meta name=\"twitter:label1\" content=\"Scritto da\" \/>\n\t<meta name=\"twitter:data1\" content=\"Dani\" \/>\n\t<meta name=\"twitter:label2\" content=\"Tempo di lettura stimato\" \/>\n\t<meta name=\"twitter:data2\" content=\"2 minuti\" \/>\r\n<script type=\"application\/ld+json\" class=\"yoast-schema-graph\">{\"@context\":\"https:\/\/schema.org\",\"@graph\":[{\"@type\":\"Organization\",\"@id\":\"https:\/\/www.asimas.it\/new_asimas\/#organization\",\"name\":\"ASIMAS - Associazione Italiana Mastocitosi\",\"url\":\"https:\/\/www.asimas.it\/new_asimas\/\",\"sameAs\":[],\"logo\":{\"@type\":\"ImageObject\",\"@id\":\"https:\/\/www.asimas.it\/new_asimas\/#logo\",\"inLanguage\":\"it-IT\",\"url\":\"https:\/\/www.asimas.it\/new_asimas\/wp-content\/uploads\/2019\/04\/logo-asimas.png\",\"contentUrl\":\"https:\/\/www.asimas.it\/new_asimas\/wp-content\/uploads\/2019\/04\/logo-asimas.png\",\"width\":240,\"height\":240,\"caption\":\"ASIMAS - Associazione Italiana Mastocitosi\"},\"image\":{\"@id\":\"https:\/\/www.asimas.it\/new_asimas\/#logo\"}},{\"@type\":\"WebSite\",\"@id\":\"https:\/\/www.asimas.it\/new_asimas\/#website\",\"url\":\"https:\/\/www.asimas.it\/new_asimas\/\",\"name\":\"Asimas\",\"description\":\"Associazione Italiana Mastocitosi\",\"publisher\":{\"@id\":\"https:\/\/www.asimas.it\/new_asimas\/#organization\"},\"potentialAction\":[{\"@type\":\"SearchAction\",\"target\":{\"@type\":\"EntryPoint\",\"urlTemplate\":\"https:\/\/www.asimas.it\/new_asimas\/?s={search_term_string}\"},\"query-input\":\"required name=search_term_string\"}],\"inLanguage\":\"it-IT\"},{\"@type\":\"WebPage\",\"@id\":\"https:\/\/www.asimas.it\/new_asimas\/giornata-internazionale-della-mastocitosi\/#webpage\",\"url\":\"https:\/\/www.asimas.it\/new_asimas\/giornata-internazionale-della-mastocitosi\/\",\"name\":\"Giornata Internazionale della Mastocitosi e disordini mastocitari - 20 Ottobre 2025 - Asimas\",\"isPartOf\":{\"@id\":\"https:\/\/www.asimas.it\/new_asimas\/#website\"},\"datePublished\":\"2025-10-11T08:02:40+00:00\",\"dateModified\":\"2025-10-11T12:56:37+00:00\",\"description\":\"Il 20 ottobre non \u00e8 una data come le altre, ma una giornata speciale, una di quelle che segnano il calendario del cuore!\",\"breadcrumb\":{\"@id\":\"https:\/\/www.asimas.it\/new_asimas\/giornata-internazionale-della-mastocitosi\/#breadcrumb\"},\"inLanguage\":\"it-IT\",\"potentialAction\":[{\"@type\":\"ReadAction\",\"target\":[\"https:\/\/www.asimas.it\/new_asimas\/giornata-internazionale-della-mastocitosi\/\"]}]},{\"@type\":\"BreadcrumbList\",\"@id\":\"https:\/\/www.asimas.it\/new_asimas\/giornata-internazionale-della-mastocitosi\/#breadcrumb\",\"itemListElement\":[{\"@type\":\"ListItem\",\"position\":1,\"name\":\"Home\",\"item\":\"https:\/\/www.asimas.it\/new_asimas\/\"},{\"@type\":\"ListItem\",\"position\":2,\"name\":\"Giornata Internazionale della Mastocitosi e disordini mastocitari &#8211; 20 Ottobre 2025\"}]},{\"@type\":\"Article\",\"@id\":\"https:\/\/www.asimas.it\/new_asimas\/giornata-internazionale-della-mastocitosi\/#article\",\"isPartOf\":{\"@id\":\"https:\/\/www.asimas.it\/new_asimas\/giornata-internazionale-della-mastocitosi\/#webpage\"},\"author\":{\"@id\":\"https:\/\/www.asimas.it\/new_asimas\/#\/schema\/person\/f4cff0d0946e80b069d013531ab38b84\"},\"headline\":\"Giornata Internazionale della Mastocitosi e disordini mastocitari &#8211; 20 Ottobre 2025\",\"datePublished\":\"2025-10-11T08:02:40+00:00\",\"dateModified\":\"2025-10-11T12:56:37+00:00\",\"mainEntityOfPage\":{\"@id\":\"https:\/\/www.asimas.it\/new_asimas\/giornata-internazionale-della-mastocitosi\/#webpage\"},\"wordCount\":490,\"publisher\":{\"@id\":\"https:\/\/www.asimas.it\/new_asimas\/#organization\"},\"articleSection\":[\"2025\",\"News\"],\"inLanguage\":\"it-IT\"},{\"@type\":\"Person\",\"@id\":\"https:\/\/www.asimas.it\/new_asimas\/#\/schema\/person\/f4cff0d0946e80b069d013531ab38b84\",\"name\":\"Dani\",\"image\":{\"@type\":\"ImageObject\",\"@id\":\"https:\/\/www.asimas.it\/new_asimas\/#personlogo\",\"inLanguage\":\"it-IT\",\"url\":\"http:\/\/0.gravatar.com\/avatar\/c03fe6a88949b182e89f15f862f46000?s=96&d=mm&r=g\",\"contentUrl\":\"http:\/\/0.gravatar.com\/avatar\/c03fe6a88949b182e89f15f862f46000?s=96&d=mm&r=g\",\"caption\":\"Dani\"},\"url\":\"http:\/\/www.asimas.it\/new_asimas\/author\/admin\/\"}]}<\/script>\r\n<!-- \/ Yoast SEO plugin. -->","yoast_head_json":{"title":"Giornata Internazionale della Mastocitosi e disordini mastocitari - 20 Ottobre 2025 - Asimas","description":"Il 20 ottobre non \u00e8 una data come le altre, ma una giornata speciale, una di quelle che segnano il calendario del cuore!","robots":{"index":"noindex","follow":"follow"},"og_locale":"it_IT","og_type":"article","og_title":"Giornata Internazionale della Mastocitosi e disordini mastocitari - 20 Ottobre 2025 - Asimas","og_description":"Il 20 ottobre non \u00e8 una data come le altre, ma una giornata speciale, una di quelle che segnano il calendario del cuore!","og_url":"https:\/\/www.asimas.it\/new_asimas\/giornata-internazionale-della-mastocitosi\/","og_site_name":"Asimas","article_published_time":"2025-10-11T08:02:40+00:00","article_modified_time":"2025-10-11T12:56:37+00:00","twitter_card":"summary_large_image","twitter_misc":{"Scritto da":"Dani","Tempo di lettura stimato":"2 minuti"},"schema":{"@context":"https:\/\/schema.org","@graph":[{"@type":"Organization","@id":"https:\/\/www.asimas.it\/new_asimas\/#organization","name":"ASIMAS - Associazione Italiana Mastocitosi","url":"https:\/\/www.asimas.it\/new_asimas\/","sameAs":[],"logo":{"@type":"ImageObject","@id":"https:\/\/www.asimas.it\/new_asimas\/#logo","inLanguage":"it-IT","url":"https:\/\/www.asimas.it\/new_asimas\/wp-content\/uploads\/2019\/04\/logo-asimas.png","contentUrl":"https:\/\/www.asimas.it\/new_asimas\/wp-content\/uploads\/2019\/04\/logo-asimas.png","width":240,"height":240,"caption":"ASIMAS - Associazione Italiana Mastocitosi"},"image":{"@id":"https:\/\/www.asimas.it\/new_asimas\/#logo"}},{"@type":"WebSite","@id":"https:\/\/www.asimas.it\/new_asimas\/#website","url":"https:\/\/www.asimas.it\/new_asimas\/","name":"Asimas","description":"Associazione Italiana Mastocitosi","publisher":{"@id":"https:\/\/www.asimas.it\/new_asimas\/#organization"},"potentialAction":[{"@type":"SearchAction","target":{"@type":"EntryPoint","urlTemplate":"https:\/\/www.asimas.it\/new_asimas\/?s={search_term_string}"},"query-input":"required name=search_term_string"}],"inLanguage":"it-IT"},{"@type":"WebPage","@id":"https:\/\/www.asimas.it\/new_asimas\/giornata-internazionale-della-mastocitosi\/#webpage","url":"https:\/\/www.asimas.it\/new_asimas\/giornata-internazionale-della-mastocitosi\/","name":"Giornata Internazionale della Mastocitosi e disordini mastocitari - 20 Ottobre 2025 - Asimas","isPartOf":{"@id":"https:\/\/www.asimas.it\/new_asimas\/#website"},"datePublished":"2025-10-11T08:02:40+00:00","dateModified":"2025-10-11T12:56:37+00:00","description":"Il 20 ottobre non \u00e8 una data come le altre, ma una giornata speciale, una di quelle che segnano il calendario del cuore!","breadcrumb":{"@id":"https:\/\/www.asimas.it\/new_asimas\/giornata-internazionale-della-mastocitosi\/#breadcrumb"},"inLanguage":"it-IT","potentialAction":[{"@type":"ReadAction","target":["https:\/\/www.asimas.it\/new_asimas\/giornata-internazionale-della-mastocitosi\/"]}]},{"@type":"BreadcrumbList","@id":"https:\/\/www.asimas.it\/new_asimas\/giornata-internazionale-della-mastocitosi\/#breadcrumb","itemListElement":[{"@type":"ListItem","position":1,"name":"Home","item":"https:\/\/www.asimas.it\/new_asimas\/"},{"@type":"ListItem","position":2,"name":"Giornata Internazionale della Mastocitosi e disordini mastocitari &#8211; 20 Ottobre 2025"}]},{"@type":"Article","@id":"https:\/\/www.asimas.it\/new_asimas\/giornata-internazionale-della-mastocitosi\/#article","isPartOf":{"@id":"https:\/\/www.asimas.it\/new_asimas\/giornata-internazionale-della-mastocitosi\/#webpage"},"author":{"@id":"https:\/\/www.asimas.it\/new_asimas\/#\/schema\/person\/f4cff0d0946e80b069d013531ab38b84"},"headline":"Giornata Internazionale della Mastocitosi e disordini mastocitari &#8211; 20 Ottobre 2025","datePublished":"2025-10-11T08:02:40+00:00","dateModified":"2025-10-11T12:56:37+00:00","mainEntityOfPage":{"@id":"https:\/\/www.asimas.it\/new_asimas\/giornata-internazionale-della-mastocitosi\/#webpage"},"wordCount":490,"publisher":{"@id":"https:\/\/www.asimas.it\/new_asimas\/#organization"},"articleSection":["2025","News"],"inLanguage":"it-IT"},{"@type":"Person","@id":"https:\/\/www.asimas.it\/new_asimas\/#\/schema\/person\/f4cff0d0946e80b069d013531ab38b84","name":"Dani","image":{"@type":"ImageObject","@id":"https:\/\/www.asimas.it\/new_asimas\/#personlogo","inLanguage":"it-IT","url":"http:\/\/0.gravatar.com\/avatar\/c03fe6a88949b182e89f15f862f46000?s=96&d=mm&r=g","contentUrl":"http:\/\/0.gravatar.com\/avatar\/c03fe6a88949b182e89f15f862f46000?s=96&d=mm&r=g","caption":"Dani"},"url":"http:\/\/www.asimas.it\/new_asimas\/author\/admin\/"}]}},"_links":{"self":[{"href":"http:\/\/www.asimas.it\/new_asimas\/wp-json\/wp\/v2\/posts\/5625"}],"collection":[{"href":"http:\/\/www.asimas.it\/new_asimas\/wp-json\/wp\/v2\/posts"}],"about":[{"href":"http:\/\/www.asimas.it\/new_asimas\/wp-json\/wp\/v2\/types\/post"}],"author":[{"embeddable":true,"href":"http:\/\/www.asimas.it\/new_asimas\/wp-json\/wp\/v2\/users\/1"}],"replies":[{"embeddable":true,"href":"http:\/\/www.asimas.it\/new_asimas\/wp-json\/wp\/v2\/comments?post=5625"}],"version-history":[{"count":6,"href":"http:\/\/www.asimas.it\/new_asimas\/wp-json\/wp\/v2\/posts\/5625\/revisions"}],"predecessor-version":[{"id":5631,"href":"http:\/\/www.asimas.it\/new_asimas\/wp-json\/wp\/v2\/posts\/5625\/revisions\/5631"}],"wp:attachment":[{"href":"http:\/\/www.asimas.it\/new_asimas\/wp-json\/wp\/v2\/media?parent=5625"}],"wp:term":[{"taxonomy":"category","embeddable":true,"href":"http:\/\/www.asimas.it\/new_asimas\/wp-json\/wp\/v2\/categories?post=5625"},{"taxonomy":"post_tag","embeddable":true,"href":"http:\/\/www.asimas.it\/new_asimas\/wp-json\/wp\/v2\/tags?post=5625"}],"curies":[{"name":"wp","href":"https:\/\/api.w.org\/{rel}","templated":true}]}}