{"id":5610,"date":"2025-09-18T17:43:45","date_gmt":"2025-09-18T15:43:45","guid":{"rendered":"https:\/\/www.asimas.it\/new_asimas\/?p=5610"},"modified":"2025-09-18T17:46:07","modified_gmt":"2025-09-18T15:46:07","slug":"giornata-internazionale-della-mastocitosi-campagna-di-sensibilizzazione-e-iniziative-per-il-20-ottobre-2025","status":"publish","type":"post","link":"http:\/\/www.asimas.it\/new_asimas\/giornata-internazionale-della-mastocitosi-campagna-di-sensibilizzazione-e-iniziative-per-il-20-ottobre-2025\/","title":{"rendered":"Giornata Internazionale della Mastocitosi: Campagna di Sensibilizzazione e Iniziative per il 20 Ottobre 2025"},"content":{"rendered":"<div id=\"pl-5610\"  class=\"panel-layout\" ><div id=\"pg-5610-0\"  class=\"panel-grid panel-no-style\" ><div id=\"pgc-5610-0-0\"  class=\"panel-grid-cell\" ><div id=\"panel-5610-0-0-0\" class=\"so-panel widget widget_text panel-first-child\" data-index=\"0\" >\t\t\t<div class=\"textwidget\"><p>Il 20 ottobre 2025 si celebrer\u00e0 la Giornata Internazionale della Mastocitosi, un&#8217;occasione per sensibilizzare il pubblico, raccogliere testimonianze, e promuovere la ricerca sulle malattie rare come la mastocitosi e le sindromi da attivazione mastocitaria. Queste patologie, sebbene ancora poco conosciute, coinvolgono un numero significativo di persone e richiedono maggiore attenzione, comprensione e supporto.<\/p>\n<\/div>\n\t\t<\/div><div id=\"panel-5610-0-0-1\" class=\"so-panel widget widget_text\" data-index=\"1\" ><h3 class=\"widget-title\">Tema di quest\u2019anno: &#8220;Informati, Sii Connesso&#8221;<\/h3>\t\t\t<div class=\"textwidget\"><p>La conoscenza \u00e8 potere. Solo con una maggiore consapevolezza possiamo fare la differenza. Il tema scelto per questa edizione pone l\u2019accento sull&#8217;importanza di informarsi e connettersi con chi vive ogni giorno con queste malattie. La campagna informativa, che prende il via oggi, accompagner\u00e0 tutti gli interessati fino al 20 ottobre, con iniziative, eventi e momenti di approfondimento.<\/p>\n<\/div>\n\t\t<\/div><div id=\"panel-5610-0-0-2\" class=\"so-panel widget widget_text\" data-index=\"2\" ><h3 class=\"widget-title\">Iniziative in Programma:<\/h3>\t\t\t<div class=\"textwidget\"><p><strong>\u2022\u00a0 Webinar con il Professor Massimo Triggiani<\/strong><br \/>\nIl professor Massimo Triggiani, noto esperto di mastocitosi, terr\u00e0 un webinar in cui parler\u00e0 delle ultime ricerche, dei trattamenti pi\u00f9 innovativi e delle sfide legate alla gestione di queste patologie. Un\u2019opportunit\u00e0 unica per approfondire e conoscere meglio il tema, direttamente dalla voce di uno dei maggiori esperti nel campo.<\/p>\n<p><strong>\u2022\u00a0 Monumenti Illuminati di Viola<\/strong><br \/>\nIn occasione della Giornata Internazionale della Mastocitosi, molti monumenti in diverse citt\u00e0 saranno illuminati di viola, il colore simbolo di questa causa. Un gesto simbolico per sensibilizzare la comunit\u00e0 globale e far conoscere meglio questa malattia rara.<\/p>\n<p><strong>\u2022\u00a0 Interviste e Testimonianze<\/strong><br \/>\nNon possiamo ancora rivelare troppo, ma preparatevi a scoprire alcune interviste molto importanti con pazienti, medici, e sostenitori che condividono storie di vita e di lotta contro la mastocitosi. Continuate a seguirci per tutti gli aggiornamenti!<\/p>\n<\/div>\n\t\t<\/div><div id=\"panel-5610-0-0-3\" class=\"so-panel widget widget_text\" data-index=\"3\" ><h3 class=\"widget-title\">Il Questionario per Pazienti e Caregiver<\/h3>\t\t\t<div class=\"textwidget\"><p>In collaborazione con\u00a0<em>RARE Revolution Magazine<\/em>, \u00e8 stato lanciato un questionario rivolto a pazienti e caregiver. L\u2019obiettivo \u00e8 raccogliere esperienze, bisogni e testimonianze per dare voce a chi vive quotidianamente con la mastocitosi e le sindromi da attivazione mastocitaria. Questo questionario \u00e8 fondamentale per comprendere meglio la realt\u00e0 di chi affronta queste malattie e per creare una rete di supporto pi\u00f9 solida.<\/p>\n<\/div>\n\t\t<\/div><div id=\"panel-5610-0-0-4\" class=\"so-panel widget widget_text\" data-index=\"4\" ><h3 class=\"widget-title\">Invito alla Partecipazione:<\/h3>\t\t\t<div class=\"textwidget\"><p>Tutti i membri di ASIMAS, parte del direttivo del Coordinamento della Giornata Internazionale della Mastocitosi, sono invitati a partecipare alla compilazione del questionario. Aiutateci a fare sentire la vostra voce! La scadenza per la compilazione \u00e8 il <strong>18 settembre 2025<\/strong>. Il questionario \u00e8 in inglese, ma \u00e8 possibile utilizzare un traduttore automatico o chiedere aiuto a figli, nipoti o amici.<\/p>\n<p><strong>Compila il questionario qui:<\/strong>\u00a0<a href=\"https:\/\/bit.ly\/MCAD-Survey-2025\" target=\"_blank\" rel=\"noopener\" data-saferedirecturl=\"https:\/\/www.google.com\/url?q=https:\/\/bit.ly\/MCAD-Survey-2025&amp;source=gmail&amp;ust=1758292368248000&amp;usg=AOvVaw0JvEJA36KkRnUSpkrXd3xL\">https:\/\/bit.ly\/MCAD-Survey-<wbr \/>2025<\/a><\/p>\n<\/div>\n\t\t<\/div><div id=\"panel-5610-0-0-5\" class=\"so-panel widget widget_text\" data-index=\"5\" ><h3 class=\"widget-title\">Invito alla Partecipazione:<\/h3>\t\t\t<div class=\"textwidget\"><p><strong>Un piccolo gesto per te, un grande passo per il mondo della mastocitosi.<\/strong><\/p>\n<p><strong>Restate connessi!<\/strong><\/p>\n<p>Non dimenticate di continuare a seguirci per tutti gli aggiornamenti e le novit\u00e0 riguardanti la Giornata Internazionale della Mastocitosi&#8230;presto sveleremo altri dettagli sui nostri eventi e iniziative, quindi&#8230;..<strong>Stay tuned!<\/strong><\/p>\n<\/div>\n\t\t<\/div><div id=\"panel-5610-0-0-6\" class=\"so-panel widget widget_text\" data-index=\"6\" >\t\t\t<div class=\"textwidget\"><p>Un forte abbraccio,<\/p>\n<p>Asimas<\/p>\n<\/div>\n\t\t<\/div><div id=\"panel-5610-0-0-7\" class=\"so-panel widget widget_text\" data-index=\"7\" >\t\t\t<div class=\"textwidget\"><\/div>\n\t\t<\/div><div id=\"panel-5610-0-0-8\" class=\"so-panel widget widget_text panel-last-child\" data-index=\"8\" >\t\t\t<div class=\"textwidget\"><\/div>\n\t\t<\/div><\/div><\/div><\/div>","protected":false},"excerpt":{"rendered":"<p>Il 20 ottobre 2025 si celebrer\u00e0 la Giornata Internazionale della Mastocitosi, un&#8217;occasione per sensibilizzare il pubblico, raccogliere testimonianze, e promuovere la ricerca sulle malattie rare come la mastocitosi e le [&hellip;]<\/p>\n","protected":false},"author":1,"featured_media":0,"comment_status":"closed","ping_status":"open","sticky":false,"template":"","format":"standard","meta":[],"categories":[24,2],"tags":[],"yoast_head":"<!-- This site is optimized with the Yoast SEO plugin v18.4.1 - https:\/\/yoast.com\/wordpress\/plugins\/seo\/ -->\r\n<title>Giornata Internazionale della Mastocitosi: Campagna di Sensibilizzazione e Iniziative per il 20 Ottobre 2025 - Asimas<\/title>\r\n<meta name=\"robots\" content=\"noindex, follow\" \/>\r\n<meta property=\"og:locale\" content=\"it_IT\" \/>\r\n<meta property=\"og:type\" content=\"article\" \/>\r\n<meta property=\"og:title\" content=\"Giornata Internazionale della Mastocitosi: Campagna di Sensibilizzazione e Iniziative per il 20 Ottobre 2025 - Asimas\" \/>\r\n<meta property=\"og:description\" content=\"Il 20 ottobre 2025 si celebrer\u00e0 la Giornata Internazionale della Mastocitosi, un&#039;occasione per sensibilizzare il pubblico, raccogliere testimonianze, e promuovere la ricerca sulle malattie rare come la mastocitosi e le [&hellip;]\" \/>\r\n<meta property=\"og:url\" content=\"http:\/\/www.asimas.it\/new_asimas\/giornata-internazionale-della-mastocitosi-campagna-di-sensibilizzazione-e-iniziative-per-il-20-ottobre-2025\/\" \/>\r\n<meta property=\"og:site_name\" content=\"Asimas\" \/>\r\n<meta property=\"article:published_time\" content=\"2025-09-18T15:43:45+00:00\" \/>\r\n<meta property=\"article:modified_time\" content=\"2025-09-18T15:46:07+00:00\" \/>\r\n<meta name=\"twitter:card\" content=\"summary_large_image\" \/>\r\n<meta name=\"twitter:label1\" content=\"Scritto da\" \/>\n\t<meta name=\"twitter:data1\" content=\"Dani\" \/>\n\t<meta name=\"twitter:label2\" content=\"Tempo di lettura stimato\" \/>\n\t<meta name=\"twitter:data2\" content=\"2 minuti\" \/>\r\n<script type=\"application\/ld+json\" class=\"yoast-schema-graph\">{\"@context\":\"https:\/\/schema.org\",\"@graph\":[{\"@type\":\"Organization\",\"@id\":\"https:\/\/www.asimas.it\/new_asimas\/#organization\",\"name\":\"ASIMAS - Associazione Italiana Mastocitosi\",\"url\":\"https:\/\/www.asimas.it\/new_asimas\/\",\"sameAs\":[],\"logo\":{\"@type\":\"ImageObject\",\"@id\":\"https:\/\/www.asimas.it\/new_asimas\/#logo\",\"inLanguage\":\"it-IT\",\"url\":\"https:\/\/www.asimas.it\/new_asimas\/wp-content\/uploads\/2019\/04\/logo-asimas.png\",\"contentUrl\":\"https:\/\/www.asimas.it\/new_asimas\/wp-content\/uploads\/2019\/04\/logo-asimas.png\",\"width\":240,\"height\":240,\"caption\":\"ASIMAS - Associazione Italiana Mastocitosi\"},\"image\":{\"@id\":\"https:\/\/www.asimas.it\/new_asimas\/#logo\"}},{\"@type\":\"WebSite\",\"@id\":\"https:\/\/www.asimas.it\/new_asimas\/#website\",\"url\":\"https:\/\/www.asimas.it\/new_asimas\/\",\"name\":\"Asimas\",\"description\":\"Associazione Italiana Mastocitosi\",\"publisher\":{\"@id\":\"https:\/\/www.asimas.it\/new_asimas\/#organization\"},\"potentialAction\":[{\"@type\":\"SearchAction\",\"target\":{\"@type\":\"EntryPoint\",\"urlTemplate\":\"https:\/\/www.asimas.it\/new_asimas\/?s={search_term_string}\"},\"query-input\":\"required name=search_term_string\"}],\"inLanguage\":\"it-IT\"},{\"@type\":\"WebPage\",\"@id\":\"http:\/\/www.asimas.it\/new_asimas\/giornata-internazionale-della-mastocitosi-campagna-di-sensibilizzazione-e-iniziative-per-il-20-ottobre-2025\/#webpage\",\"url\":\"http:\/\/www.asimas.it\/new_asimas\/giornata-internazionale-della-mastocitosi-campagna-di-sensibilizzazione-e-iniziative-per-il-20-ottobre-2025\/\",\"name\":\"Giornata Internazionale della Mastocitosi: Campagna di Sensibilizzazione e Iniziative per il 20 Ottobre 2025 - Asimas\",\"isPartOf\":{\"@id\":\"https:\/\/www.asimas.it\/new_asimas\/#website\"},\"datePublished\":\"2025-09-18T15:43:45+00:00\",\"dateModified\":\"2025-09-18T15:46:07+00:00\",\"breadcrumb\":{\"@id\":\"http:\/\/www.asimas.it\/new_asimas\/giornata-internazionale-della-mastocitosi-campagna-di-sensibilizzazione-e-iniziative-per-il-20-ottobre-2025\/#breadcrumb\"},\"inLanguage\":\"it-IT\",\"potentialAction\":[{\"@type\":\"ReadAction\",\"target\":[\"http:\/\/www.asimas.it\/new_asimas\/giornata-internazionale-della-mastocitosi-campagna-di-sensibilizzazione-e-iniziative-per-il-20-ottobre-2025\/\"]}]},{\"@type\":\"BreadcrumbList\",\"@id\":\"http:\/\/www.asimas.it\/new_asimas\/giornata-internazionale-della-mastocitosi-campagna-di-sensibilizzazione-e-iniziative-per-il-20-ottobre-2025\/#breadcrumb\",\"itemListElement\":[{\"@type\":\"ListItem\",\"position\":1,\"name\":\"Home\",\"item\":\"https:\/\/www.asimas.it\/new_asimas\/\"},{\"@type\":\"ListItem\",\"position\":2,\"name\":\"Giornata Internazionale della Mastocitosi: Campagna di Sensibilizzazione e Iniziative per il 20 Ottobre 2025\"}]},{\"@type\":\"Article\",\"@id\":\"http:\/\/www.asimas.it\/new_asimas\/giornata-internazionale-della-mastocitosi-campagna-di-sensibilizzazione-e-iniziative-per-il-20-ottobre-2025\/#article\",\"isPartOf\":{\"@id\":\"http:\/\/www.asimas.it\/new_asimas\/giornata-internazionale-della-mastocitosi-campagna-di-sensibilizzazione-e-iniziative-per-il-20-ottobre-2025\/#webpage\"},\"author\":{\"@id\":\"https:\/\/www.asimas.it\/new_asimas\/#\/schema\/person\/f4cff0d0946e80b069d013531ab38b84\"},\"headline\":\"Giornata Internazionale della Mastocitosi: Campagna di Sensibilizzazione e Iniziative per il 20 Ottobre 2025\",\"datePublished\":\"2025-09-18T15:43:45+00:00\",\"dateModified\":\"2025-09-18T15:46:07+00:00\",\"mainEntityOfPage\":{\"@id\":\"http:\/\/www.asimas.it\/new_asimas\/giornata-internazionale-della-mastocitosi-campagna-di-sensibilizzazione-e-iniziative-per-il-20-ottobre-2025\/#webpage\"},\"wordCount\":452,\"publisher\":{\"@id\":\"https:\/\/www.asimas.it\/new_asimas\/#organization\"},\"articleSection\":[\"2025\",\"News\"],\"inLanguage\":\"it-IT\"},{\"@type\":\"Person\",\"@id\":\"https:\/\/www.asimas.it\/new_asimas\/#\/schema\/person\/f4cff0d0946e80b069d013531ab38b84\",\"name\":\"Dani\",\"image\":{\"@type\":\"ImageObject\",\"@id\":\"https:\/\/www.asimas.it\/new_asimas\/#personlogo\",\"inLanguage\":\"it-IT\",\"url\":\"http:\/\/0.gravatar.com\/avatar\/c03fe6a88949b182e89f15f862f46000?s=96&d=mm&r=g\",\"contentUrl\":\"http:\/\/0.gravatar.com\/avatar\/c03fe6a88949b182e89f15f862f46000?s=96&d=mm&r=g\",\"caption\":\"Dani\"},\"url\":\"http:\/\/www.asimas.it\/new_asimas\/author\/admin\/\"}]}<\/script>\r\n<!-- \/ Yoast SEO plugin. -->","yoast_head_json":{"title":"Giornata Internazionale della Mastocitosi: Campagna di Sensibilizzazione e Iniziative per il 20 Ottobre 2025 - Asimas","robots":{"index":"noindex","follow":"follow"},"og_locale":"it_IT","og_type":"article","og_title":"Giornata Internazionale della Mastocitosi: Campagna di Sensibilizzazione e Iniziative per il 20 Ottobre 2025 - Asimas","og_description":"Il 20 ottobre 2025 si celebrer\u00e0 la Giornata Internazionale della Mastocitosi, un'occasione per sensibilizzare il pubblico, raccogliere testimonianze, e promuovere la ricerca sulle malattie rare come la mastocitosi e le [&hellip;]","og_url":"http:\/\/www.asimas.it\/new_asimas\/giornata-internazionale-della-mastocitosi-campagna-di-sensibilizzazione-e-iniziative-per-il-20-ottobre-2025\/","og_site_name":"Asimas","article_published_time":"2025-09-18T15:43:45+00:00","article_modified_time":"2025-09-18T15:46:07+00:00","twitter_card":"summary_large_image","twitter_misc":{"Scritto da":"Dani","Tempo di lettura stimato":"2 minuti"},"schema":{"@context":"https:\/\/schema.org","@graph":[{"@type":"Organization","@id":"https:\/\/www.asimas.it\/new_asimas\/#organization","name":"ASIMAS - Associazione Italiana Mastocitosi","url":"https:\/\/www.asimas.it\/new_asimas\/","sameAs":[],"logo":{"@type":"ImageObject","@id":"https:\/\/www.asimas.it\/new_asimas\/#logo","inLanguage":"it-IT","url":"https:\/\/www.asimas.it\/new_asimas\/wp-content\/uploads\/2019\/04\/logo-asimas.png","contentUrl":"https:\/\/www.asimas.it\/new_asimas\/wp-content\/uploads\/2019\/04\/logo-asimas.png","width":240,"height":240,"caption":"ASIMAS - Associazione Italiana Mastocitosi"},"image":{"@id":"https:\/\/www.asimas.it\/new_asimas\/#logo"}},{"@type":"WebSite","@id":"https:\/\/www.asimas.it\/new_asimas\/#website","url":"https:\/\/www.asimas.it\/new_asimas\/","name":"Asimas","description":"Associazione Italiana Mastocitosi","publisher":{"@id":"https:\/\/www.asimas.it\/new_asimas\/#organization"},"potentialAction":[{"@type":"SearchAction","target":{"@type":"EntryPoint","urlTemplate":"https:\/\/www.asimas.it\/new_asimas\/?s={search_term_string}"},"query-input":"required name=search_term_string"}],"inLanguage":"it-IT"},{"@type":"WebPage","@id":"http:\/\/www.asimas.it\/new_asimas\/giornata-internazionale-della-mastocitosi-campagna-di-sensibilizzazione-e-iniziative-per-il-20-ottobre-2025\/#webpage","url":"http:\/\/www.asimas.it\/new_asimas\/giornata-internazionale-della-mastocitosi-campagna-di-sensibilizzazione-e-iniziative-per-il-20-ottobre-2025\/","name":"Giornata Internazionale della Mastocitosi: Campagna di Sensibilizzazione e Iniziative per il 20 Ottobre 2025 - Asimas","isPartOf":{"@id":"https:\/\/www.asimas.it\/new_asimas\/#website"},"datePublished":"2025-09-18T15:43:45+00:00","dateModified":"2025-09-18T15:46:07+00:00","breadcrumb":{"@id":"http:\/\/www.asimas.it\/new_asimas\/giornata-internazionale-della-mastocitosi-campagna-di-sensibilizzazione-e-iniziative-per-il-20-ottobre-2025\/#breadcrumb"},"inLanguage":"it-IT","potentialAction":[{"@type":"ReadAction","target":["http:\/\/www.asimas.it\/new_asimas\/giornata-internazionale-della-mastocitosi-campagna-di-sensibilizzazione-e-iniziative-per-il-20-ottobre-2025\/"]}]},{"@type":"BreadcrumbList","@id":"http:\/\/www.asimas.it\/new_asimas\/giornata-internazionale-della-mastocitosi-campagna-di-sensibilizzazione-e-iniziative-per-il-20-ottobre-2025\/#breadcrumb","itemListElement":[{"@type":"ListItem","position":1,"name":"Home","item":"https:\/\/www.asimas.it\/new_asimas\/"},{"@type":"ListItem","position":2,"name":"Giornata Internazionale della Mastocitosi: Campagna di Sensibilizzazione e Iniziative per il 20 Ottobre 2025"}]},{"@type":"Article","@id":"http:\/\/www.asimas.it\/new_asimas\/giornata-internazionale-della-mastocitosi-campagna-di-sensibilizzazione-e-iniziative-per-il-20-ottobre-2025\/#article","isPartOf":{"@id":"http:\/\/www.asimas.it\/new_asimas\/giornata-internazionale-della-mastocitosi-campagna-di-sensibilizzazione-e-iniziative-per-il-20-ottobre-2025\/#webpage"},"author":{"@id":"https:\/\/www.asimas.it\/new_asimas\/#\/schema\/person\/f4cff0d0946e80b069d013531ab38b84"},"headline":"Giornata Internazionale della Mastocitosi: Campagna di Sensibilizzazione e Iniziative per il 20 Ottobre 2025","datePublished":"2025-09-18T15:43:45+00:00","dateModified":"2025-09-18T15:46:07+00:00","mainEntityOfPage":{"@id":"http:\/\/www.asimas.it\/new_asimas\/giornata-internazionale-della-mastocitosi-campagna-di-sensibilizzazione-e-iniziative-per-il-20-ottobre-2025\/#webpage"},"wordCount":452,"publisher":{"@id":"https:\/\/www.asimas.it\/new_asimas\/#organization"},"articleSection":["2025","News"],"inLanguage":"it-IT"},{"@type":"Person","@id":"https:\/\/www.asimas.it\/new_asimas\/#\/schema\/person\/f4cff0d0946e80b069d013531ab38b84","name":"Dani","image":{"@type":"ImageObject","@id":"https:\/\/www.asimas.it\/new_asimas\/#personlogo","inLanguage":"it-IT","url":"http:\/\/0.gravatar.com\/avatar\/c03fe6a88949b182e89f15f862f46000?s=96&d=mm&r=g","contentUrl":"http:\/\/0.gravatar.com\/avatar\/c03fe6a88949b182e89f15f862f46000?s=96&d=mm&r=g","caption":"Dani"},"url":"http:\/\/www.asimas.it\/new_asimas\/author\/admin\/"}]}},"_links":{"self":[{"href":"http:\/\/www.asimas.it\/new_asimas\/wp-json\/wp\/v2\/posts\/5610"}],"collection":[{"href":"http:\/\/www.asimas.it\/new_asimas\/wp-json\/wp\/v2\/posts"}],"about":[{"href":"http:\/\/www.asimas.it\/new_asimas\/wp-json\/wp\/v2\/types\/post"}],"author":[{"embeddable":true,"href":"http:\/\/www.asimas.it\/new_asimas\/wp-json\/wp\/v2\/users\/1"}],"replies":[{"embeddable":true,"href":"http:\/\/www.asimas.it\/new_asimas\/wp-json\/wp\/v2\/comments?post=5610"}],"version-history":[{"count":3,"href":"http:\/\/www.asimas.it\/new_asimas\/wp-json\/wp\/v2\/posts\/5610\/revisions"}],"predecessor-version":[{"id":5613,"href":"http:\/\/www.asimas.it\/new_asimas\/wp-json\/wp\/v2\/posts\/5610\/revisions\/5613"}],"wp:attachment":[{"href":"http:\/\/www.asimas.it\/new_asimas\/wp-json\/wp\/v2\/media?parent=5610"}],"wp:term":[{"taxonomy":"category","embeddable":true,"href":"http:\/\/www.asimas.it\/new_asimas\/wp-json\/wp\/v2\/categories?post=5610"},{"taxonomy":"post_tag","embeddable":true,"href":"http:\/\/www.asimas.it\/new_asimas\/wp-json\/wp\/v2\/tags?post=5610"}],"curies":[{"name":"wp","href":"https:\/\/api.w.org\/{rel}","templated":true}]}}