{"id":5402,"date":"2025-02-15T09:03:40","date_gmt":"2025-02-15T08:03:40","guid":{"rendered":"https:\/\/www.asimas.it\/new_asimas\/?p=5402"},"modified":"2025-02-15T09:12:30","modified_gmt":"2025-02-15T08:12:30","slug":"smexchange-advisory-summit","status":"publish","type":"post","link":"http:\/\/www.asimas.it\/new_asimas\/smexchange-advisory-summit\/","title":{"rendered":"SMExchange \u2013 Advisory Summit"},"content":{"rendered":"<div id=\"pl-5402\"  class=\"panel-layout\" ><div id=\"pg-5402-0\"  class=\"panel-grid panel-no-style\" ><div id=\"pgc-5402-0-0\"  class=\"panel-grid-cell\" ><div id=\"panel-5402-0-0-0\" class=\"so-panel widget widget_text panel-first-child\" data-index=\"0\" ><h3 class=\"widget-title\">Con grande emozione e orgoglio, desidero condividere con voi tutti, soci e non, una notizia davvero speciale.<\/h3>\t\t\t<div class=\"textwidget\"><\/div>\n\t\t<\/div><div id=\"panel-5402-0-0-1\" class=\"so-panel widget widget_text\" data-index=\"1\" >\t\t\t<div class=\"textwidget\"><div dir=\"ltr\">\n<div>\n<p>La nostra<i>\u00a0<\/i><i>Associazione Asimas<\/i>\u00a0\u00e8 stata invitata da Blueprint Medicines e ha preso parte al primo incontro internazionale delle associazioni, un\u2019occasione unica per confrontarci su attivit\u00e0 comuni, sfide e opportunit\u00e0 per chi vive con la mastocitosi.<\/p>\n<\/div>\n<div>\n<p>Durante il\u00a0<i>SMExchange \u2013 Advisory Summit<\/i>, erano presenti delegazioni da\u00a0<i>Germania, Svizzera, Francia, Spagna, Portogallo, Stati Uniti e Inghilterra<\/i>. Per l\u2019Italia, abbiamo avuto l\u2019onore di rappresentare la nostra associazione io stessa e Francesca Scotto Lavinia, membro del nostro Comitato Scientifico.<\/p>\n<\/div>\n<div>\n<p>L&#8217;emozione e il coinvolgimento sono stati indescrivibili. \u00c8 stato un onore e una grande responsabilit\u00e0 rappresentare tutti voi, i vostri problemi e le vostre necessit\u00e0.<\/p>\n<\/div>\n<div>\n<p>Abbiamo gettato le basi per una vera<i>\u00a0alleanza internazionale<\/i>, con l\u2019obiettivo di creare una rete globale di associazioni che possa condividere risorse, esperienze e strategie. In questo modo, potremo promuovere la collaborazione tra ricercatori e clinici, migliorare la<i>\u00a0comunicazione medico-paziente\u00a0<\/i>e creare spazi dedicati a discussioni interattive.<\/p>\n<p>Questi spazi permetteranno ai rappresentanti delle varie associazioni di continuare a scambiarsi idee ed esperienze, contribuendo al miglioramento e alla crescita dell\u2019informazione, anche a livello istituzionale, per sostenere i diritti dei malati di mastocitosi.<\/p>\n<p>Al termine del summit, abbiamo redatto un documento di sintesi con le principali conclusioni e gli obiettivi futuri delle associazioni, di cui vi renderemo partecipi al pi\u00f9 presto.<\/p>\n<p>Un grazie immenso agli organizzatori per questa straordinaria e preziosa opportunit\u00e0, a tutti gli interpreti, un GRAZIE commosso per le attenzioni riservate ai rappresentanti delle associazioni dei pazienti, in particolare di quelli affetti da mastocitosi. Per garantire la loro tutela, \u00e8 stata presente un\u2019ambulanza con personale medico attivo 24 ore su 24 e sono stati creati ambienti adeguati alle loro esigenze, al quale tutti noi ci siamo adattati.<\/p>\n<\/div>\n<div>\n<p>Un sentito grazie a\u00a0<a id=\"m_5101731257203468923OWAb74a4078-9c2e-806f-4a8d-3775bb900ada\" href=\"https:\/\/www.facebook.com\/groups\/103965052991385\/user\/100001391160274\/?__cft__[0]=AZXwM28U-LoDd4GE6xAvtT1JD4dsFHuoeySPrhSp1qqpmQWK2VJLrU2CvX20FiSgMWrWQF2cAUe8jtZr6dSj-gPauPN3IkraLTKxY_9G0naxnTFkBzsn-39EcA_Vbgoyikz74k3Iw7anwHFguvEa3BFu&amp;__tn__=-]K-R\" target=\"_blank\" rel=\"noopener\" data-saferedirecturl=\"https:\/\/www.google.com\/url?q=https:\/\/www.facebook.com\/groups\/103965052991385\/user\/100001391160274\/?__cft__%5B0%5D%3DAZXwM28U-LoDd4GE6xAvtT1JD4dsFHuoeySPrhSp1qqpmQWK2VJLrU2CvX20FiSgMWrWQF2cAUe8jtZr6dSj-gPauPN3IkraLTKxY_9G0naxnTFkBzsn-39EcA_Vbgoyikz74k3Iw7anwHFguvEa3BFu%26__tn__%3D-%5DK-R&amp;source=gmail&amp;ust=1739692870498000&amp;usg=AOvVaw0bDFpC64k6P36czPDAnLPX\">Francesca<\/a>\u00a0che in questi giorni mi ha affiancata e ha contribuito a rafforzare la nostra posizione e quella dei nostri piccoli masto bimbi.<\/p>\n<\/div>\n<div>\n<p>Un abbraccio speciale a tutti gli amici con mastocitosi nel mondo, che dopo tanti anni ho finalmente avuto il piacere di incontrare di persona.<\/p>\n<\/div>\n<div>\n<p>Il file delle Associazioni e i loro indirizzi social sono gi\u00e0 presenti, ma li aggiorneremo a breve per garantire un coinvolgimento ancora pi\u00f9 ampio!<\/p>\n<\/div>\n<div>\n<p>A presto con aggiornamenti,<\/p>\n<\/div>\n<\/div>\n<div>Patrizia<\/div>\n<\/div>\n\t\t<\/div><div id=\"panel-5402-0-0-2\" class=\"so-panel widget widget_media_gallery panel-last-child\" data-index=\"2\" ><h3 class=\"widget-title\">Alcuni scatti dal SMExchange \u2013 Advisory Summit<\/h3>\n\t\t<style type=\"text\/css\">\n\t\t\t#gallery-1 {\n\t\t\t\tmargin: auto;\n\t\t\t}\n\t\t\t#gallery-1 .gallery-item {\n\t\t\t\tfloat: left;\n\t\t\t\tmargin-top: 10px;\n\t\t\t\ttext-align: center;\n\t\t\t\twidth: 50%;\n\t\t\t}\n\t\t\t#gallery-1 img {\n\t\t\t\tborder: 2px solid #cfcfcf;\n\t\t\t}\n\t\t\t#gallery-1 .gallery-caption {\n\t\t\t\tmargin-left: 0;\n\t\t\t}\n\t\t\t\/* see gallery_shortcode() in wp-includes\/media.php *\/\n\t\t<\/style>\n\t\t<div id='gallery-1' class='gallery galleryid-5402 gallery-columns-2 gallery-size-medium'><dl class='gallery-item'>\n\t\t\t<dt class='gallery-icon landscape'>\n\t\t\t\t<img width=\"300\" height=\"225\" src=\"http:\/\/www.asimas.it\/new_asimas\/wp-content\/uploads\/2025\/02\/Summit-1-300x225.jpg\" class=\"attachment-medium size-medium\" alt=\"SMExchange \u2013 Advisory Summit - Asimas\" loading=\"lazy\" srcset=\"http:\/\/www.asimas.it\/new_asimas\/wp-content\/uploads\/2025\/02\/Summit-1-300x225.jpg 300w, http:\/\/www.asimas.it\/new_asimas\/wp-content\/uploads\/2025\/02\/Summit-1-1024x768.jpg 1024w, http:\/\/www.asimas.it\/new_asimas\/wp-content\/uploads\/2025\/02\/Summit-1-768x576.jpg 768w, http:\/\/www.asimas.it\/new_asimas\/wp-content\/uploads\/2025\/02\/Summit-1-1536x1152.jpg 1536w, http:\/\/www.asimas.it\/new_asimas\/wp-content\/uploads\/2025\/02\/Summit-1.jpg 1600w\" sizes=\"(max-width: 300px) 100vw, 300px\" \/>\n\t\t\t<\/dt><\/dl><dl class='gallery-item'>\n\t\t\t<dt class='gallery-icon landscape'>\n\t\t\t\t<img width=\"300\" height=\"225\" src=\"http:\/\/www.asimas.it\/new_asimas\/wp-content\/uploads\/2025\/02\/summit-2-300x225.jpg\" class=\"attachment-medium size-medium\" alt=\"SMExchange \u2013 Advisory Summit - Asimas\" loading=\"lazy\" srcset=\"http:\/\/www.asimas.it\/new_asimas\/wp-content\/uploads\/2025\/02\/summit-2-300x225.jpg 300w, http:\/\/www.asimas.it\/new_asimas\/wp-content\/uploads\/2025\/02\/summit-2-1024x768.jpg 1024w, http:\/\/www.asimas.it\/new_asimas\/wp-content\/uploads\/2025\/02\/summit-2-768x576.jpg 768w, http:\/\/www.asimas.it\/new_asimas\/wp-content\/uploads\/2025\/02\/summit-2-1536x1152.jpg 1536w, http:\/\/www.asimas.it\/new_asimas\/wp-content\/uploads\/2025\/02\/summit-2.jpg 1600w\" sizes=\"(max-width: 300px) 100vw, 300px\" \/>\n\t\t\t<\/dt><\/dl><br style=\"clear: both\" \/><dl class='gallery-item'>\n\t\t\t<dt class='gallery-icon landscape'>\n\t\t\t\t<img width=\"300\" height=\"225\" src=\"http:\/\/www.asimas.it\/new_asimas\/wp-content\/uploads\/2025\/02\/summit-3--300x225.jpg\" class=\"attachment-medium size-medium\" alt=\"SMExchange \u2013 Advisory Summit - Asimas\" loading=\"lazy\" srcset=\"http:\/\/www.asimas.it\/new_asimas\/wp-content\/uploads\/2025\/02\/summit-3--300x225.jpg 300w, http:\/\/www.asimas.it\/new_asimas\/wp-content\/uploads\/2025\/02\/summit-3--1024x768.jpg 1024w, http:\/\/www.asimas.it\/new_asimas\/wp-content\/uploads\/2025\/02\/summit-3--768x576.jpg 768w, http:\/\/www.asimas.it\/new_asimas\/wp-content\/uploads\/2025\/02\/summit-3--1536x1152.jpg 1536w, http:\/\/www.asimas.it\/new_asimas\/wp-content\/uploads\/2025\/02\/summit-3-.jpg 1600w\" sizes=\"(max-width: 300px) 100vw, 300px\" \/>\n\t\t\t<\/dt><\/dl><dl class='gallery-item'>\n\t\t\t<dt class='gallery-icon landscape'>\n\t\t\t\t<img width=\"300\" height=\"225\" src=\"http:\/\/www.asimas.it\/new_asimas\/wp-content\/uploads\/2025\/02\/summit-4--300x225.jpg\" class=\"attachment-medium size-medium\" alt=\"SMExchange \u2013 Advisory Summit - Asimas\" loading=\"lazy\" srcset=\"http:\/\/www.asimas.it\/new_asimas\/wp-content\/uploads\/2025\/02\/summit-4--300x225.jpg 300w, http:\/\/www.asimas.it\/new_asimas\/wp-content\/uploads\/2025\/02\/summit-4--1024x768.jpg 1024w, http:\/\/www.asimas.it\/new_asimas\/wp-content\/uploads\/2025\/02\/summit-4--768x576.jpg 768w, http:\/\/www.asimas.it\/new_asimas\/wp-content\/uploads\/2025\/02\/summit-4--1536x1152.jpg 1536w, http:\/\/www.asimas.it\/new_asimas\/wp-content\/uploads\/2025\/02\/summit-4-.jpg 1600w\" sizes=\"(max-width: 300px) 100vw, 300px\" \/>\n\t\t\t<\/dt><\/dl><br style=\"clear: both\" \/>\n\t\t<\/div>\n<\/div><\/div><\/div><\/div>","protected":false},"excerpt":{"rendered":"<p>La nostra\u00a0Associazione Asimas\u00a0\u00e8 stata invitata da Blueprint Medicines e ha preso parte al primo incontro internazionale delle associazioni, un\u2019occasione unica per confrontarci su attivit\u00e0 comuni, sfide e opportunit\u00e0 per chi [&hellip;]<\/p>\n","protected":false},"author":1,"featured_media":0,"comment_status":"closed","ping_status":"open","sticky":false,"template":"","format":"standard","meta":[],"categories":[24,2],"tags":[],"yoast_head":"<!-- This site is optimized with the Yoast SEO plugin v18.4.1 - https:\/\/yoast.com\/wordpress\/plugins\/seo\/ -->\r\n<title>SMExchange \u2013 Advisory Summit - Asimas<\/title>\r\n<meta name=\"robots\" content=\"noindex, follow\" \/>\r\n<meta property=\"og:locale\" content=\"it_IT\" \/>\r\n<meta property=\"og:type\" content=\"article\" \/>\r\n<meta property=\"og:title\" content=\"SMExchange \u2013 Advisory Summit - Asimas\" \/>\r\n<meta property=\"og:description\" content=\"La nostra\u00a0Associazione Asimas\u00a0\u00e8 stata invitata da Blueprint Medicines e ha preso parte al primo incontro internazionale delle associazioni, un\u2019occasione unica per confrontarci su attivit\u00e0 comuni, sfide e opportunit\u00e0 per chi [&hellip;]\" \/>\r\n<meta property=\"og:url\" content=\"http:\/\/www.asimas.it\/new_asimas\/smexchange-advisory-summit\/\" \/>\r\n<meta property=\"og:site_name\" content=\"Asimas\" \/>\r\n<meta property=\"article:published_time\" content=\"2025-02-15T08:03:40+00:00\" \/>\r\n<meta property=\"article:modified_time\" content=\"2025-02-15T08:12:30+00:00\" \/>\r\n<meta name=\"twitter:card\" content=\"summary_large_image\" \/>\r\n<meta name=\"twitter:label1\" content=\"Scritto da\" \/>\n\t<meta name=\"twitter:data1\" content=\"Dani\" \/>\n\t<meta name=\"twitter:label2\" content=\"Tempo di lettura stimato\" \/>\n\t<meta name=\"twitter:data2\" content=\"2 minuti\" \/>\r\n<script type=\"application\/ld+json\" class=\"yoast-schema-graph\">{\"@context\":\"https:\/\/schema.org\",\"@graph\":[{\"@type\":\"Organization\",\"@id\":\"https:\/\/www.asimas.it\/new_asimas\/#organization\",\"name\":\"ASIMAS - Associazione Italiana Mastocitosi\",\"url\":\"https:\/\/www.asimas.it\/new_asimas\/\",\"sameAs\":[],\"logo\":{\"@type\":\"ImageObject\",\"@id\":\"https:\/\/www.asimas.it\/new_asimas\/#logo\",\"inLanguage\":\"it-IT\",\"url\":\"https:\/\/www.asimas.it\/new_asimas\/wp-content\/uploads\/2019\/04\/logo-asimas.png\",\"contentUrl\":\"https:\/\/www.asimas.it\/new_asimas\/wp-content\/uploads\/2019\/04\/logo-asimas.png\",\"width\":240,\"height\":240,\"caption\":\"ASIMAS - Associazione Italiana Mastocitosi\"},\"image\":{\"@id\":\"https:\/\/www.asimas.it\/new_asimas\/#logo\"}},{\"@type\":\"WebSite\",\"@id\":\"https:\/\/www.asimas.it\/new_asimas\/#website\",\"url\":\"https:\/\/www.asimas.it\/new_asimas\/\",\"name\":\"Asimas\",\"description\":\"Associazione Italiana Mastocitosi\",\"publisher\":{\"@id\":\"https:\/\/www.asimas.it\/new_asimas\/#organization\"},\"potentialAction\":[{\"@type\":\"SearchAction\",\"target\":{\"@type\":\"EntryPoint\",\"urlTemplate\":\"https:\/\/www.asimas.it\/new_asimas\/?s={search_term_string}\"},\"query-input\":\"required name=search_term_string\"}],\"inLanguage\":\"it-IT\"},{\"@type\":\"WebPage\",\"@id\":\"http:\/\/www.asimas.it\/new_asimas\/smexchange-advisory-summit\/#webpage\",\"url\":\"http:\/\/www.asimas.it\/new_asimas\/smexchange-advisory-summit\/\",\"name\":\"SMExchange \u2013 Advisory Summit - Asimas\",\"isPartOf\":{\"@id\":\"https:\/\/www.asimas.it\/new_asimas\/#website\"},\"datePublished\":\"2025-02-15T08:03:40+00:00\",\"dateModified\":\"2025-02-15T08:12:30+00:00\",\"breadcrumb\":{\"@id\":\"http:\/\/www.asimas.it\/new_asimas\/smexchange-advisory-summit\/#breadcrumb\"},\"inLanguage\":\"it-IT\",\"potentialAction\":[{\"@type\":\"ReadAction\",\"target\":[\"http:\/\/www.asimas.it\/new_asimas\/smexchange-advisory-summit\/\"]}]},{\"@type\":\"BreadcrumbList\",\"@id\":\"http:\/\/www.asimas.it\/new_asimas\/smexchange-advisory-summit\/#breadcrumb\",\"itemListElement\":[{\"@type\":\"ListItem\",\"position\":1,\"name\":\"Home\",\"item\":\"https:\/\/www.asimas.it\/new_asimas\/\"},{\"@type\":\"ListItem\",\"position\":2,\"name\":\"SMExchange \u2013 Advisory Summit\"}]},{\"@type\":\"Article\",\"@id\":\"http:\/\/www.asimas.it\/new_asimas\/smexchange-advisory-summit\/#article\",\"isPartOf\":{\"@id\":\"http:\/\/www.asimas.it\/new_asimas\/smexchange-advisory-summit\/#webpage\"},\"author\":{\"@id\":\"https:\/\/www.asimas.it\/new_asimas\/#\/schema\/person\/f4cff0d0946e80b069d013531ab38b84\"},\"headline\":\"SMExchange \u2013 Advisory Summit\",\"datePublished\":\"2025-02-15T08:03:40+00:00\",\"dateModified\":\"2025-02-15T08:12:30+00:00\",\"mainEntityOfPage\":{\"@id\":\"http:\/\/www.asimas.it\/new_asimas\/smexchange-advisory-summit\/#webpage\"},\"wordCount\":388,\"publisher\":{\"@id\":\"https:\/\/www.asimas.it\/new_asimas\/#organization\"},\"articleSection\":[\"2025\",\"News\"],\"inLanguage\":\"it-IT\"},{\"@type\":\"Person\",\"@id\":\"https:\/\/www.asimas.it\/new_asimas\/#\/schema\/person\/f4cff0d0946e80b069d013531ab38b84\",\"name\":\"Dani\",\"image\":{\"@type\":\"ImageObject\",\"@id\":\"https:\/\/www.asimas.it\/new_asimas\/#personlogo\",\"inLanguage\":\"it-IT\",\"url\":\"http:\/\/0.gravatar.com\/avatar\/c03fe6a88949b182e89f15f862f46000?s=96&d=mm&r=g\",\"contentUrl\":\"http:\/\/0.gravatar.com\/avatar\/c03fe6a88949b182e89f15f862f46000?s=96&d=mm&r=g\",\"caption\":\"Dani\"},\"url\":\"http:\/\/www.asimas.it\/new_asimas\/author\/admin\/\"}]}<\/script>\r\n<!-- \/ Yoast SEO plugin. -->","yoast_head_json":{"title":"SMExchange \u2013 Advisory Summit - Asimas","robots":{"index":"noindex","follow":"follow"},"og_locale":"it_IT","og_type":"article","og_title":"SMExchange \u2013 Advisory Summit - Asimas","og_description":"La nostra\u00a0Associazione Asimas\u00a0\u00e8 stata invitata da Blueprint Medicines e ha preso parte al primo incontro internazionale delle associazioni, un\u2019occasione unica per confrontarci su attivit\u00e0 comuni, sfide e opportunit\u00e0 per chi [&hellip;]","og_url":"http:\/\/www.asimas.it\/new_asimas\/smexchange-advisory-summit\/","og_site_name":"Asimas","article_published_time":"2025-02-15T08:03:40+00:00","article_modified_time":"2025-02-15T08:12:30+00:00","twitter_card":"summary_large_image","twitter_misc":{"Scritto da":"Dani","Tempo di lettura stimato":"2 minuti"},"schema":{"@context":"https:\/\/schema.org","@graph":[{"@type":"Organization","@id":"https:\/\/www.asimas.it\/new_asimas\/#organization","name":"ASIMAS - Associazione Italiana Mastocitosi","url":"https:\/\/www.asimas.it\/new_asimas\/","sameAs":[],"logo":{"@type":"ImageObject","@id":"https:\/\/www.asimas.it\/new_asimas\/#logo","inLanguage":"it-IT","url":"https:\/\/www.asimas.it\/new_asimas\/wp-content\/uploads\/2019\/04\/logo-asimas.png","contentUrl":"https:\/\/www.asimas.it\/new_asimas\/wp-content\/uploads\/2019\/04\/logo-asimas.png","width":240,"height":240,"caption":"ASIMAS - Associazione Italiana Mastocitosi"},"image":{"@id":"https:\/\/www.asimas.it\/new_asimas\/#logo"}},{"@type":"WebSite","@id":"https:\/\/www.asimas.it\/new_asimas\/#website","url":"https:\/\/www.asimas.it\/new_asimas\/","name":"Asimas","description":"Associazione Italiana Mastocitosi","publisher":{"@id":"https:\/\/www.asimas.it\/new_asimas\/#organization"},"potentialAction":[{"@type":"SearchAction","target":{"@type":"EntryPoint","urlTemplate":"https:\/\/www.asimas.it\/new_asimas\/?s={search_term_string}"},"query-input":"required name=search_term_string"}],"inLanguage":"it-IT"},{"@type":"WebPage","@id":"http:\/\/www.asimas.it\/new_asimas\/smexchange-advisory-summit\/#webpage","url":"http:\/\/www.asimas.it\/new_asimas\/smexchange-advisory-summit\/","name":"SMExchange \u2013 Advisory Summit - Asimas","isPartOf":{"@id":"https:\/\/www.asimas.it\/new_asimas\/#website"},"datePublished":"2025-02-15T08:03:40+00:00","dateModified":"2025-02-15T08:12:30+00:00","breadcrumb":{"@id":"http:\/\/www.asimas.it\/new_asimas\/smexchange-advisory-summit\/#breadcrumb"},"inLanguage":"it-IT","potentialAction":[{"@type":"ReadAction","target":["http:\/\/www.asimas.it\/new_asimas\/smexchange-advisory-summit\/"]}]},{"@type":"BreadcrumbList","@id":"http:\/\/www.asimas.it\/new_asimas\/smexchange-advisory-summit\/#breadcrumb","itemListElement":[{"@type":"ListItem","position":1,"name":"Home","item":"https:\/\/www.asimas.it\/new_asimas\/"},{"@type":"ListItem","position":2,"name":"SMExchange \u2013 Advisory Summit"}]},{"@type":"Article","@id":"http:\/\/www.asimas.it\/new_asimas\/smexchange-advisory-summit\/#article","isPartOf":{"@id":"http:\/\/www.asimas.it\/new_asimas\/smexchange-advisory-summit\/#webpage"},"author":{"@id":"https:\/\/www.asimas.it\/new_asimas\/#\/schema\/person\/f4cff0d0946e80b069d013531ab38b84"},"headline":"SMExchange \u2013 Advisory Summit","datePublished":"2025-02-15T08:03:40+00:00","dateModified":"2025-02-15T08:12:30+00:00","mainEntityOfPage":{"@id":"http:\/\/www.asimas.it\/new_asimas\/smexchange-advisory-summit\/#webpage"},"wordCount":388,"publisher":{"@id":"https:\/\/www.asimas.it\/new_asimas\/#organization"},"articleSection":["2025","News"],"inLanguage":"it-IT"},{"@type":"Person","@id":"https:\/\/www.asimas.it\/new_asimas\/#\/schema\/person\/f4cff0d0946e80b069d013531ab38b84","name":"Dani","image":{"@type":"ImageObject","@id":"https:\/\/www.asimas.it\/new_asimas\/#personlogo","inLanguage":"it-IT","url":"http:\/\/0.gravatar.com\/avatar\/c03fe6a88949b182e89f15f862f46000?s=96&d=mm&r=g","contentUrl":"http:\/\/0.gravatar.com\/avatar\/c03fe6a88949b182e89f15f862f46000?s=96&d=mm&r=g","caption":"Dani"},"url":"http:\/\/www.asimas.it\/new_asimas\/author\/admin\/"}]}},"_links":{"self":[{"href":"http:\/\/www.asimas.it\/new_asimas\/wp-json\/wp\/v2\/posts\/5402"}],"collection":[{"href":"http:\/\/www.asimas.it\/new_asimas\/wp-json\/wp\/v2\/posts"}],"about":[{"href":"http:\/\/www.asimas.it\/new_asimas\/wp-json\/wp\/v2\/types\/post"}],"author":[{"embeddable":true,"href":"http:\/\/www.asimas.it\/new_asimas\/wp-json\/wp\/v2\/users\/1"}],"replies":[{"embeddable":true,"href":"http:\/\/www.asimas.it\/new_asimas\/wp-json\/wp\/v2\/comments?post=5402"}],"version-history":[{"count":6,"href":"http:\/\/www.asimas.it\/new_asimas\/wp-json\/wp\/v2\/posts\/5402\/revisions"}],"predecessor-version":[{"id":5412,"href":"http:\/\/www.asimas.it\/new_asimas\/wp-json\/wp\/v2\/posts\/5402\/revisions\/5412"}],"wp:attachment":[{"href":"http:\/\/www.asimas.it\/new_asimas\/wp-json\/wp\/v2\/media?parent=5402"}],"wp:term":[{"taxonomy":"category","embeddable":true,"href":"http:\/\/www.asimas.it\/new_asimas\/wp-json\/wp\/v2\/categories?post=5402"},{"taxonomy":"post_tag","embeddable":true,"href":"http:\/\/www.asimas.it\/new_asimas\/wp-json\/wp\/v2\/tags?post=5402"}],"curies":[{"name":"wp","href":"https:\/\/api.w.org\/{rel}","templated":true}]}}