{"id":5395,"date":"2025-02-02T18:54:41","date_gmt":"2025-02-02T17:54:41","guid":{"rendered":"https:\/\/www.asimas.it\/new_asimas\/?p=5395"},"modified":"2025-02-02T18:55:38","modified_gmt":"2025-02-02T17:55:38","slug":"mastocitosi-sistemica-dagli-esperti-un-decalogo-per-migliorare-la-gestione-clinica","status":"publish","type":"post","link":"http:\/\/www.asimas.it\/new_asimas\/mastocitosi-sistemica-dagli-esperti-un-decalogo-per-migliorare-la-gestione-clinica\/","title":{"rendered":"Mastocitosi sistemica: dagli esperti un decalogo per migliorare la gestione clinica"},"content":{"rendered":"<div id=\"pl-5395\"  class=\"panel-layout\" ><div id=\"pg-5395-0\"  class=\"panel-grid panel-no-style\" ><div id=\"pgc-5395-0-0\"  class=\"panel-grid-cell\" ><div id=\"panel-5395-0-0-0\" class=\"so-panel widget widget_text panel-first-child\" data-index=\"0\" ><h3 class=\"widget-title\">Grazie a chi si impegna ogni giorno per la mastocitosi<\/h3>\t\t\t<div class=\"textwidget\"><p>La mastocitosi \u00e8 una malattia rara e complessa, che ancora oggi presenta molte sfide sia per i pazienti che per il personale medico. La diagnosi spesso arriva con ritardi significativi, la gestione richiede un approccio multidisciplinare e la qualit\u00e0 della vita di chi convive con questa patologia pu\u00f2 essere profondamente compromessa. \u00c8 proprio per questo che vogliamo dedicare un ringraziamento speciale a tutti i clinici che, con passione e dedizione, lavorano ogni giorno per migliorare il percorso diagnostico e terapeutico di questi pazienti. Il loro impegno \u00e8 fondamentale per offrire cure pi\u00f9 accessibili, mirate ed efficaci, rendendo meno incerto il cammino di chi affronta questa malattia.<\/p>\n<p>Un sentito grazie anche ad AboutPharma, che con il suo approfondimento ha dato voce agli esperti del settore, raccogliendo testimonianze e dati preziosi per comprendere meglio la mastocitosi e le sue implicazioni. Il lavoro di divulgazione scientifica \u00e8 essenziale per aumentare la consapevolezza su queste patologie, ancora troppo poco conosciute.<\/p>\n<p><a href=\"https:\/\/www.aboutpharma.com\/scienza-ricerca\/mastocitosi-sistemica-dagli-esperti-un-decalogo-per-migliorare-la-gestione-clinica\/\">Clicca qui per leggere l&#8217;articolo completo sul sito di AboutPharma.<\/a><\/p>\n<\/div>\n\t\t<\/div><div id=\"panel-5395-0-0-1\" class=\"so-panel widget widget_text\" data-index=\"1\" ><h3 class=\"widget-title\">Di seguito, riportiamo un estratto del loro articolo, sintetizzando i punti chiave emersi dalle interviste con gli specialisti:<\/h3>\t\t\t<div class=\"textwidget\"><p><strong>Che cos&#8217;\u00e8 la Mastocitosi<\/p>\n<p><\/strong>La mastocitosi \u00e8 una patologia rara caratterizzata dall\u2019accumulo anomalo di mastociti in diversi tessuti del corpo, con sintomi che possono variare in gravit\u00e0 e impattare significativamente la qualit\u00e0 della vita. La causa principale \u00e8 una mutazione genetica (D816V del gene KIT) che porta alla proliferazione incontrollata e all\u2019iper-attivazione dei mastociti, con un rilascio eccessivo di mediatori chimici dell\u2019infiammazione. In Italia, si stima che circa 1.800 persone abbiano ricevuto una diagnosi, ma il numero potrebbe essere sottostimato a causa della scarsa conoscenza della malattia.<\/p>\n<\/div>\n\t\t<\/div><div id=\"panel-5395-0-0-2\" class=\"so-panel widget widget_text\" data-index=\"2\" >\t\t\t<div class=\"textwidget\"><p class=\"p1\"><strong>Ridurre il ritardo diagnostico<\/strong><\/p>\n<p class=\"p1\">La gestione della mastocitosi richiede un approccio multidisciplinare, data la complessit\u00e0 della malattia e il coinvolgimento di diversi specialisti. Attualmente, solo pochi centri altamente specializzati offrono un modello strutturato, ma si sta lavorando per diffonderlo in tutta Italia. Un team ideale dovrebbe includere ematologo, allergologo, dermatologo e specialista in osteoporosi, con il supporto di altri esperti (gastroenterologo, psichiatra, ginecologo-ostetrico). I centri di eccellenza dovrebbero avere un\u2019esperienza consolidata di almeno 8-10 anni e una casistica significativa di pazienti diagnosticati e seguiti.<\/p>\n<\/div>\n\t\t<\/div><div id=\"panel-5395-0-0-3\" class=\"so-panel widget widget_text\" data-index=\"3\" >\t\t\t<div class=\"textwidget\"><p class=\"p1\"><strong>Verso una presa in carico multidisciplinare<\/strong><\/p>\n<p class=\"p1\">La mastocitosi sistemica ha un impatto significativo sulla vita dei pazienti, riducendo l\u2019aspettativa di vita di 4,5-8,8 anni (dati DALY), un valore paragonabile a malattie gravi come linfoma e leucemia. Secondo lo studio PRISM, il 59% dei pazienti riporta difficolt\u00e0 nel mantenere un\u2019attivit\u00e0 lavorativa, mentre i sintomi cutanei e gastrointestinali compromettono la qualit\u00e0 della vita, causando un forte senso di precariet\u00e0. Episodi improvvisi, come dolori addominali e dissenteria, rendono difficile fare progetti a breve e lungo termine, aggravando il carico emotivo e sociale della malattia.<\/p>\n<\/div>\n\t\t<\/div><div id=\"panel-5395-0-0-4\" class=\"so-panel widget widget_media_video\" data-index=\"4\" ><h3 class=\"widget-title\">Intervista a Patrizia Marcis, presidente ASIMAS: Il burden della mastocitosi sistemica<\/h3><div style=\"width:100%;\" class=\"wp-video\"><!--[if lt IE 9]><script>document.createElement('video');<\/script><![endif]-->\n<video class=\"wp-video-shortcode\" id=\"video-5395-1\" preload=\"metadata\" controls=\"controls\"><source type=\"video\/youtube\" src=\"https:\/\/www.youtube.com\/watch?v=Yh8FxUPWIG8&#038;_=1\" \/><a href=\"https:\/\/www.youtube.com\/watch?v=Yh8FxUPWIG8\">https:\/\/www.youtube.com\/watch?v=Yh8FxUPWIG8<\/a><\/video><\/div><\/div><div id=\"panel-5395-0-0-5\" class=\"so-panel widget widget_text\" data-index=\"5\" >\t\t\t<div class=\"textwidget\"><\/div>\n\t\t<\/div><div id=\"panel-5395-0-0-6\" class=\"so-panel widget widget_media_video\" data-index=\"6\" ><h3 class=\"widget-title\">Intervista a Massimo Triggiani, fondatore della Rete Italiana Mastocitosi (RIMA) e chairman del Network europeo sulla mastocitosi (ECNM)<\/h3><div style=\"width:100%;\" class=\"wp-video\"><video class=\"wp-video-shortcode\" id=\"video-5395-2\" preload=\"metadata\" controls=\"controls\"><source type=\"video\/youtube\" src=\"https:\/\/www.youtube.com\/watch?v=KD6IIJbW-HA&#038;embeds_referring_euri=https%3A%2F%2Fwww.aboutpharma.com%2F&#038;source_ve_path=MjM4NTE&#038;_=2\" \/><a href=\"https:\/\/www.youtube.com\/watch?v=KD6IIJbW-HA&#038;embeds_referring_euri=https%3A%2F%2Fwww.aboutpharma.com%2F&#038;source_ve_path=MjM4NTE\">https:\/\/www.youtube.com\/watch?v=KD6IIJbW-HA&#038;embeds_referring_euri=https%3A%2F%2Fwww.aboutpharma.com%2F&#038;source_ve_path=MjM4NTE<\/a><\/video><\/div><\/div><div id=\"panel-5395-0-0-7\" class=\"so-panel widget widget_text\" data-index=\"7\" >\t\t\t<div class=\"textwidget\"><\/div>\n\t\t<\/div><div id=\"panel-5395-0-0-8\" class=\"so-panel widget widget_media_video\" data-index=\"8\" ><h3 class=\"widget-title\">Intervista a Michela Rondoni, ematologa presso l\u2019Ematologia Ravenna dell&#8217;Azienda Ospedaliera della Romagna<\/h3><div style=\"width:100%;\" class=\"wp-video\"><video class=\"wp-video-shortcode\" id=\"video-5395-3\" preload=\"metadata\" controls=\"controls\"><source type=\"video\/youtube\" src=\"https:\/\/www.youtube.com\/watch?v=AetRyxYS73Y&#038;_=3\" \/><a href=\"https:\/\/www.youtube.com\/watch?v=AetRyxYS73Y\">https:\/\/www.youtube.com\/watch?v=AetRyxYS73Y<\/a><\/video><\/div><\/div><div id=\"panel-5395-0-0-9\" class=\"so-panel widget widget_text\" data-index=\"9\" >\t\t\t<div class=\"textwidget\"><\/div>\n\t\t<\/div><div id=\"panel-5395-0-0-10\" class=\"so-panel widget widget_media_video panel-last-child\" data-index=\"10\" ><h3 class=\"widget-title\">Massimo Triggiani: l&#8217;importanza di una gestione multidisciplinare nella presa in carico della mastocitosi sistemica<\/h3><div style=\"width:100%;\" class=\"wp-video\"><video class=\"wp-video-shortcode\" id=\"video-5395-4\" preload=\"metadata\" controls=\"controls\"><source type=\"video\/youtube\" src=\"https:\/\/www.youtube.com\/watch?v=s3_ALgYSwrU&#038;_=4\" \/><a href=\"https:\/\/www.youtube.com\/watch?v=s3_ALgYSwrU\">https:\/\/www.youtube.com\/watch?v=s3_ALgYSwrU<\/a><\/video><\/div><\/div><\/div><\/div><\/div>","protected":false},"excerpt":{"rendered":"<p>La mastocitosi \u00e8 una malattia rara e complessa, che ancora oggi presenta molte sfide sia per i pazienti che per il personale medico. La diagnosi spesso arriva con ritardi significativi, [&hellip;]<\/p>\n","protected":false},"author":1,"featured_media":0,"comment_status":"closed","ping_status":"open","sticky":false,"template":"","format":"standard","meta":[],"categories":[24,2],"tags":[],"yoast_head":"<!-- This site is optimized with the Yoast SEO plugin v18.4.1 - https:\/\/yoast.com\/wordpress\/plugins\/seo\/ -->\r\n<title>Mastocitosi sistemica: dagli esperti un decalogo per migliorare la gestione clinica - Asimas<\/title>\r\n<meta name=\"robots\" content=\"noindex, follow\" \/>\r\n<meta property=\"og:locale\" content=\"it_IT\" \/>\r\n<meta property=\"og:type\" content=\"article\" \/>\r\n<meta property=\"og:title\" content=\"Mastocitosi sistemica: dagli esperti un decalogo per migliorare la gestione clinica - Asimas\" \/>\r\n<meta property=\"og:description\" content=\"La mastocitosi \u00e8 una malattia rara e complessa, che ancora oggi presenta molte sfide sia per i pazienti che per il personale medico. La diagnosi spesso arriva con ritardi significativi, [&hellip;]\" \/>\r\n<meta property=\"og:url\" content=\"http:\/\/www.asimas.it\/new_asimas\/mastocitosi-sistemica-dagli-esperti-un-decalogo-per-migliorare-la-gestione-clinica\/\" \/>\r\n<meta property=\"og:site_name\" content=\"Asimas\" \/>\r\n<meta property=\"article:published_time\" content=\"2025-02-02T17:54:41+00:00\" \/>\r\n<meta property=\"article:modified_time\" content=\"2025-02-02T17:55:38+00:00\" \/>\r\n<meta name=\"twitter:card\" content=\"summary_large_image\" \/>\r\n<meta name=\"twitter:label1\" content=\"Scritto da\" \/>\n\t<meta name=\"twitter:data1\" content=\"Dani\" \/>\n\t<meta name=\"twitter:label2\" content=\"Tempo di lettura stimato\" \/>\n\t<meta name=\"twitter:data2\" content=\"2 minuti\" \/>\r\n<script type=\"application\/ld+json\" class=\"yoast-schema-graph\">{\"@context\":\"https:\/\/schema.org\",\"@graph\":[{\"@type\":\"Organization\",\"@id\":\"https:\/\/www.asimas.it\/new_asimas\/#organization\",\"name\":\"ASIMAS - Associazione Italiana Mastocitosi\",\"url\":\"https:\/\/www.asimas.it\/new_asimas\/\",\"sameAs\":[],\"logo\":{\"@type\":\"ImageObject\",\"@id\":\"https:\/\/www.asimas.it\/new_asimas\/#logo\",\"inLanguage\":\"it-IT\",\"url\":\"https:\/\/www.asimas.it\/new_asimas\/wp-content\/uploads\/2019\/04\/logo-asimas.png\",\"contentUrl\":\"https:\/\/www.asimas.it\/new_asimas\/wp-content\/uploads\/2019\/04\/logo-asimas.png\",\"width\":240,\"height\":240,\"caption\":\"ASIMAS - Associazione Italiana Mastocitosi\"},\"image\":{\"@id\":\"https:\/\/www.asimas.it\/new_asimas\/#logo\"}},{\"@type\":\"WebSite\",\"@id\":\"https:\/\/www.asimas.it\/new_asimas\/#website\",\"url\":\"https:\/\/www.asimas.it\/new_asimas\/\",\"name\":\"Asimas\",\"description\":\"Associazione Italiana Mastocitosi\",\"publisher\":{\"@id\":\"https:\/\/www.asimas.it\/new_asimas\/#organization\"},\"potentialAction\":[{\"@type\":\"SearchAction\",\"target\":{\"@type\":\"EntryPoint\",\"urlTemplate\":\"https:\/\/www.asimas.it\/new_asimas\/?s={search_term_string}\"},\"query-input\":\"required name=search_term_string\"}],\"inLanguage\":\"it-IT\"},{\"@type\":\"WebPage\",\"@id\":\"http:\/\/www.asimas.it\/new_asimas\/mastocitosi-sistemica-dagli-esperti-un-decalogo-per-migliorare-la-gestione-clinica\/#webpage\",\"url\":\"http:\/\/www.asimas.it\/new_asimas\/mastocitosi-sistemica-dagli-esperti-un-decalogo-per-migliorare-la-gestione-clinica\/\",\"name\":\"Mastocitosi sistemica: dagli esperti un decalogo per migliorare la gestione clinica - Asimas\",\"isPartOf\":{\"@id\":\"https:\/\/www.asimas.it\/new_asimas\/#website\"},\"datePublished\":\"2025-02-02T17:54:41+00:00\",\"dateModified\":\"2025-02-02T17:55:38+00:00\",\"breadcrumb\":{\"@id\":\"http:\/\/www.asimas.it\/new_asimas\/mastocitosi-sistemica-dagli-esperti-un-decalogo-per-migliorare-la-gestione-clinica\/#breadcrumb\"},\"inLanguage\":\"it-IT\",\"potentialAction\":[{\"@type\":\"ReadAction\",\"target\":[\"http:\/\/www.asimas.it\/new_asimas\/mastocitosi-sistemica-dagli-esperti-un-decalogo-per-migliorare-la-gestione-clinica\/\"]}]},{\"@type\":\"BreadcrumbList\",\"@id\":\"http:\/\/www.asimas.it\/new_asimas\/mastocitosi-sistemica-dagli-esperti-un-decalogo-per-migliorare-la-gestione-clinica\/#breadcrumb\",\"itemListElement\":[{\"@type\":\"ListItem\",\"position\":1,\"name\":\"Home\",\"item\":\"https:\/\/www.asimas.it\/new_asimas\/\"},{\"@type\":\"ListItem\",\"position\":2,\"name\":\"Mastocitosi sistemica: dagli esperti un decalogo per migliorare la gestione clinica\"}]},{\"@type\":\"Article\",\"@id\":\"http:\/\/www.asimas.it\/new_asimas\/mastocitosi-sistemica-dagli-esperti-un-decalogo-per-migliorare-la-gestione-clinica\/#article\",\"isPartOf\":{\"@id\":\"http:\/\/www.asimas.it\/new_asimas\/mastocitosi-sistemica-dagli-esperti-un-decalogo-per-migliorare-la-gestione-clinica\/#webpage\"},\"author\":{\"@id\":\"https:\/\/www.asimas.it\/new_asimas\/#\/schema\/person\/f4cff0d0946e80b069d013531ab38b84\"},\"headline\":\"Mastocitosi sistemica: dagli esperti un decalogo per migliorare la gestione clinica\",\"datePublished\":\"2025-02-02T17:54:41+00:00\",\"dateModified\":\"2025-02-02T17:55:38+00:00\",\"mainEntityOfPage\":{\"@id\":\"http:\/\/www.asimas.it\/new_asimas\/mastocitosi-sistemica-dagli-esperti-un-decalogo-per-migliorare-la-gestione-clinica\/#webpage\"},\"wordCount\":503,\"publisher\":{\"@id\":\"https:\/\/www.asimas.it\/new_asimas\/#organization\"},\"articleSection\":[\"2025\",\"News\"],\"inLanguage\":\"it-IT\"},{\"@type\":\"Person\",\"@id\":\"https:\/\/www.asimas.it\/new_asimas\/#\/schema\/person\/f4cff0d0946e80b069d013531ab38b84\",\"name\":\"Dani\",\"image\":{\"@type\":\"ImageObject\",\"@id\":\"https:\/\/www.asimas.it\/new_asimas\/#personlogo\",\"inLanguage\":\"it-IT\",\"url\":\"http:\/\/0.gravatar.com\/avatar\/c03fe6a88949b182e89f15f862f46000?s=96&d=mm&r=g\",\"contentUrl\":\"http:\/\/0.gravatar.com\/avatar\/c03fe6a88949b182e89f15f862f46000?s=96&d=mm&r=g\",\"caption\":\"Dani\"},\"url\":\"http:\/\/www.asimas.it\/new_asimas\/author\/admin\/\"}]}<\/script>\r\n<!-- \/ Yoast SEO plugin. -->","yoast_head_json":{"title":"Mastocitosi sistemica: dagli esperti un decalogo per migliorare la gestione clinica - Asimas","robots":{"index":"noindex","follow":"follow"},"og_locale":"it_IT","og_type":"article","og_title":"Mastocitosi sistemica: dagli esperti un decalogo per migliorare la gestione clinica - Asimas","og_description":"La mastocitosi \u00e8 una malattia rara e complessa, che ancora oggi presenta molte sfide sia per i pazienti che per il personale medico. La diagnosi spesso arriva con ritardi significativi, [&hellip;]","og_url":"http:\/\/www.asimas.it\/new_asimas\/mastocitosi-sistemica-dagli-esperti-un-decalogo-per-migliorare-la-gestione-clinica\/","og_site_name":"Asimas","article_published_time":"2025-02-02T17:54:41+00:00","article_modified_time":"2025-02-02T17:55:38+00:00","twitter_card":"summary_large_image","twitter_misc":{"Scritto da":"Dani","Tempo di lettura stimato":"2 minuti"},"schema":{"@context":"https:\/\/schema.org","@graph":[{"@type":"Organization","@id":"https:\/\/www.asimas.it\/new_asimas\/#organization","name":"ASIMAS - Associazione Italiana Mastocitosi","url":"https:\/\/www.asimas.it\/new_asimas\/","sameAs":[],"logo":{"@type":"ImageObject","@id":"https:\/\/www.asimas.it\/new_asimas\/#logo","inLanguage":"it-IT","url":"https:\/\/www.asimas.it\/new_asimas\/wp-content\/uploads\/2019\/04\/logo-asimas.png","contentUrl":"https:\/\/www.asimas.it\/new_asimas\/wp-content\/uploads\/2019\/04\/logo-asimas.png","width":240,"height":240,"caption":"ASIMAS - Associazione Italiana Mastocitosi"},"image":{"@id":"https:\/\/www.asimas.it\/new_asimas\/#logo"}},{"@type":"WebSite","@id":"https:\/\/www.asimas.it\/new_asimas\/#website","url":"https:\/\/www.asimas.it\/new_asimas\/","name":"Asimas","description":"Associazione Italiana Mastocitosi","publisher":{"@id":"https:\/\/www.asimas.it\/new_asimas\/#organization"},"potentialAction":[{"@type":"SearchAction","target":{"@type":"EntryPoint","urlTemplate":"https:\/\/www.asimas.it\/new_asimas\/?s={search_term_string}"},"query-input":"required name=search_term_string"}],"inLanguage":"it-IT"},{"@type":"WebPage","@id":"http:\/\/www.asimas.it\/new_asimas\/mastocitosi-sistemica-dagli-esperti-un-decalogo-per-migliorare-la-gestione-clinica\/#webpage","url":"http:\/\/www.asimas.it\/new_asimas\/mastocitosi-sistemica-dagli-esperti-un-decalogo-per-migliorare-la-gestione-clinica\/","name":"Mastocitosi sistemica: dagli esperti un decalogo per migliorare la gestione clinica - Asimas","isPartOf":{"@id":"https:\/\/www.asimas.it\/new_asimas\/#website"},"datePublished":"2025-02-02T17:54:41+00:00","dateModified":"2025-02-02T17:55:38+00:00","breadcrumb":{"@id":"http:\/\/www.asimas.it\/new_asimas\/mastocitosi-sistemica-dagli-esperti-un-decalogo-per-migliorare-la-gestione-clinica\/#breadcrumb"},"inLanguage":"it-IT","potentialAction":[{"@type":"ReadAction","target":["http:\/\/www.asimas.it\/new_asimas\/mastocitosi-sistemica-dagli-esperti-un-decalogo-per-migliorare-la-gestione-clinica\/"]}]},{"@type":"BreadcrumbList","@id":"http:\/\/www.asimas.it\/new_asimas\/mastocitosi-sistemica-dagli-esperti-un-decalogo-per-migliorare-la-gestione-clinica\/#breadcrumb","itemListElement":[{"@type":"ListItem","position":1,"name":"Home","item":"https:\/\/www.asimas.it\/new_asimas\/"},{"@type":"ListItem","position":2,"name":"Mastocitosi sistemica: dagli esperti un decalogo per migliorare la gestione clinica"}]},{"@type":"Article","@id":"http:\/\/www.asimas.it\/new_asimas\/mastocitosi-sistemica-dagli-esperti-un-decalogo-per-migliorare-la-gestione-clinica\/#article","isPartOf":{"@id":"http:\/\/www.asimas.it\/new_asimas\/mastocitosi-sistemica-dagli-esperti-un-decalogo-per-migliorare-la-gestione-clinica\/#webpage"},"author":{"@id":"https:\/\/www.asimas.it\/new_asimas\/#\/schema\/person\/f4cff0d0946e80b069d013531ab38b84"},"headline":"Mastocitosi sistemica: dagli esperti un decalogo per migliorare la gestione clinica","datePublished":"2025-02-02T17:54:41+00:00","dateModified":"2025-02-02T17:55:38+00:00","mainEntityOfPage":{"@id":"http:\/\/www.asimas.it\/new_asimas\/mastocitosi-sistemica-dagli-esperti-un-decalogo-per-migliorare-la-gestione-clinica\/#webpage"},"wordCount":503,"publisher":{"@id":"https:\/\/www.asimas.it\/new_asimas\/#organization"},"articleSection":["2025","News"],"inLanguage":"it-IT"},{"@type":"Person","@id":"https:\/\/www.asimas.it\/new_asimas\/#\/schema\/person\/f4cff0d0946e80b069d013531ab38b84","name":"Dani","image":{"@type":"ImageObject","@id":"https:\/\/www.asimas.it\/new_asimas\/#personlogo","inLanguage":"it-IT","url":"http:\/\/0.gravatar.com\/avatar\/c03fe6a88949b182e89f15f862f46000?s=96&d=mm&r=g","contentUrl":"http:\/\/0.gravatar.com\/avatar\/c03fe6a88949b182e89f15f862f46000?s=96&d=mm&r=g","caption":"Dani"},"url":"http:\/\/www.asimas.it\/new_asimas\/author\/admin\/"}]}},"_links":{"self":[{"href":"http:\/\/www.asimas.it\/new_asimas\/wp-json\/wp\/v2\/posts\/5395"}],"collection":[{"href":"http:\/\/www.asimas.it\/new_asimas\/wp-json\/wp\/v2\/posts"}],"about":[{"href":"http:\/\/www.asimas.it\/new_asimas\/wp-json\/wp\/v2\/types\/post"}],"author":[{"embeddable":true,"href":"http:\/\/www.asimas.it\/new_asimas\/wp-json\/wp\/v2\/users\/1"}],"replies":[{"embeddable":true,"href":"http:\/\/www.asimas.it\/new_asimas\/wp-json\/wp\/v2\/comments?post=5395"}],"version-history":[{"count":4,"href":"http:\/\/www.asimas.it\/new_asimas\/wp-json\/wp\/v2\/posts\/5395\/revisions"}],"predecessor-version":[{"id":5399,"href":"http:\/\/www.asimas.it\/new_asimas\/wp-json\/wp\/v2\/posts\/5395\/revisions\/5399"}],"wp:attachment":[{"href":"http:\/\/www.asimas.it\/new_asimas\/wp-json\/wp\/v2\/media?parent=5395"}],"wp:term":[{"taxonomy":"category","embeddable":true,"href":"http:\/\/www.asimas.it\/new_asimas\/wp-json\/wp\/v2\/categories?post=5395"},{"taxonomy":"post_tag","embeddable":true,"href":"http:\/\/www.asimas.it\/new_asimas\/wp-json\/wp\/v2\/tags?post=5395"}],"curies":[{"name":"wp","href":"https:\/\/api.w.org\/{rel}","templated":true}]}}