{"id":5379,"date":"2025-01-27T10:16:01","date_gmt":"2025-01-27T09:16:01","guid":{"rendered":"https:\/\/www.asimas.it\/new_asimas\/?p=5379"},"modified":"2025-01-27T17:16:06","modified_gmt":"2025-01-27T16:16:06","slug":"disponibile-una-nuova-edizione-de-la-coccinella-serenella","status":"publish","type":"post","link":"http:\/\/www.asimas.it\/new_asimas\/disponibile-una-nuova-edizione-de-la-coccinella-serenella\/","title":{"rendered":"Disponibile una nuova edizione de &#8221; La Coccinella Serenella&#8221;"},"content":{"rendered":"<div id=\"pl-5379\"  class=\"panel-layout\" ><div id=\"pg-5379-0\"  class=\"panel-grid panel-no-style\" ><div id=\"pgc-5379-0-0\"  class=\"panel-grid-cell\" ><div id=\"panel-5379-0-0-0\" class=\"so-panel widget widget_text panel-first-child\" data-index=\"0\" ><h3 class=\"widget-title\">Un gesto di solidariet\u00e0 con &#8220;La Coccinella Serenella&#8221;<\/h3>\t\t\t<div class=\"textwidget\"><p><img loading=\"lazy\" class=\"wp-image-5391 aligncenter\" src=\"http:\/\/www.asimas.it\/new_asimas\/wp-content\/uploads\/2025\/01\/la-coccinella-serenella_Libro_Asimas.jpg\" alt=\"La Coccinella Serenella - Libro Asimas\" width=\"593\" height=\"593\" srcset=\"http:\/\/www.asimas.it\/new_asimas\/wp-content\/uploads\/2025\/01\/la-coccinella-serenella_Libro_Asimas.jpg 800w, http:\/\/www.asimas.it\/new_asimas\/wp-content\/uploads\/2025\/01\/la-coccinella-serenella_Libro_Asimas-300x300.jpg 300w, http:\/\/www.asimas.it\/new_asimas\/wp-content\/uploads\/2025\/01\/la-coccinella-serenella_Libro_Asimas-150x150.jpg 150w, http:\/\/www.asimas.it\/new_asimas\/wp-content\/uploads\/2025\/01\/la-coccinella-serenella_Libro_Asimas-768x768.jpg 768w\" sizes=\"(max-width: 593px) 100vw, 593px\" \/><\/p>\n<\/div>\n\t\t<\/div><div id=\"panel-5379-0-0-1\" class=\"so-panel widget widget_text panel-last-child\" data-index=\"1\" >\t\t\t<div class=\"textwidget\"><p>Siamo felici di annunciare la disponibilit\u00e0 della nuova edizione de &#8220;La Coccinella Serenella, una fiaba speciale scritta e donata con grande generosit\u00e0 da Teresa Ferraro alla nostra Associazione. Questo libro non \u00e8 solo una bellissima lettura, ma anche un simbolo di solidariet\u00e0 e speranza.<\/p>\n<p>La ristampa della fiaba non \u00e8 in vendita: accettiamo volentieri donazioni che saranno interamente destinate a sostenere le attivit\u00e0 dell\u2019ASIMAS. Il vostro contributo ci aiuter\u00e0 a portare avanti i progetti a favore delle persone e delle famiglie che ogni giorno si rivolgono a noi.<\/p>\n<p>Se desiderate ricevere una o pi\u00f9 copie del libro, potete contattare direttamente Teresa Ferraro, che con grande disponibilit\u00e0 si occuper\u00e0 di spedirvele comodamente a casa.<\/p>\n<p>Ogni donazione, piccola o grande, rappresenta un aiuto concreto per fare la differenza nella vita di chi ha pi\u00f9 bisogno.<\/p>\n<p>Grazie di cuore per il vostro sostegno e per aver scelto di camminare al nostro fianco in questo percorso di gentilezza e solidariet\u00e0.<\/p>\n<p>Per maggiori informazioni su come ricevere il libro, non esitate a contattarci tramite email, telefono o canali social!<\/p>\n<p>Un abbraccio,<\/p>\n<p>Asimas<\/p>\n<\/div>\n\t\t<\/div><\/div><\/div><\/div>","protected":false},"excerpt":{"rendered":"<p>Siamo felici di annunciare la disponibilit\u00e0 della nuova edizione de &#8220;La Coccinella Serenella, una fiaba speciale scritta e donata con grande generosit\u00e0 da Teresa Ferraro alla nostra Associazione. Questo libro [&hellip;]<\/p>\n","protected":false},"author":1,"featured_media":0,"comment_status":"closed","ping_status":"open","sticky":false,"template":"","format":"standard","meta":[],"categories":[24,2],"tags":[],"yoast_head":"<!-- This site is optimized with the Yoast SEO plugin v18.4.1 - https:\/\/yoast.com\/wordpress\/plugins\/seo\/ -->\r\n<title>Disponibile una nuova edizione de &quot; La Coccinella Serenella&quot; - Asimas<\/title>\r\n<meta name=\"robots\" content=\"noindex, follow\" \/>\r\n<meta property=\"og:locale\" content=\"it_IT\" \/>\r\n<meta property=\"og:type\" content=\"article\" \/>\r\n<meta property=\"og:title\" content=\"Disponibile una nuova edizione de &quot; La Coccinella Serenella&quot; - Asimas\" \/>\r\n<meta property=\"og:description\" content=\"Siamo felici di annunciare la disponibilit\u00e0 della nuova edizione de &quot;La Coccinella Serenella, una fiaba speciale scritta e donata con grande generosit\u00e0 da Teresa Ferraro alla nostra Associazione. Questo libro [&hellip;]\" \/>\r\n<meta property=\"og:url\" content=\"http:\/\/www.asimas.it\/new_asimas\/disponibile-una-nuova-edizione-de-la-coccinella-serenella\/\" \/>\r\n<meta property=\"og:site_name\" content=\"Asimas\" \/>\r\n<meta property=\"article:published_time\" content=\"2025-01-27T09:16:01+00:00\" \/>\r\n<meta property=\"article:modified_time\" content=\"2025-01-27T16:16:06+00:00\" \/>\r\n<meta property=\"og:image\" content=\"http:\/\/www.asimas.it\/new_asimas\/wp-content\/uploads\/2025\/01\/la-coccinella-serenella_Libro_Asimas.jpg\" \/>\r\n<meta name=\"twitter:card\" content=\"summary_large_image\" \/>\r\n<meta name=\"twitter:label1\" content=\"Scritto da\" \/>\n\t<meta name=\"twitter:data1\" content=\"Dani\" \/>\n\t<meta name=\"twitter:label2\" content=\"Tempo di lettura stimato\" \/>\n\t<meta name=\"twitter:data2\" content=\"1 minuto\" \/>\r\n<script type=\"application\/ld+json\" class=\"yoast-schema-graph\">{\"@context\":\"https:\/\/schema.org\",\"@graph\":[{\"@type\":\"Organization\",\"@id\":\"https:\/\/www.asimas.it\/new_asimas\/#organization\",\"name\":\"ASIMAS - Associazione Italiana Mastocitosi\",\"url\":\"https:\/\/www.asimas.it\/new_asimas\/\",\"sameAs\":[],\"logo\":{\"@type\":\"ImageObject\",\"@id\":\"https:\/\/www.asimas.it\/new_asimas\/#logo\",\"inLanguage\":\"it-IT\",\"url\":\"https:\/\/www.asimas.it\/new_asimas\/wp-content\/uploads\/2019\/04\/logo-asimas.png\",\"contentUrl\":\"https:\/\/www.asimas.it\/new_asimas\/wp-content\/uploads\/2019\/04\/logo-asimas.png\",\"width\":240,\"height\":240,\"caption\":\"ASIMAS - Associazione Italiana Mastocitosi\"},\"image\":{\"@id\":\"https:\/\/www.asimas.it\/new_asimas\/#logo\"}},{\"@type\":\"WebSite\",\"@id\":\"https:\/\/www.asimas.it\/new_asimas\/#website\",\"url\":\"https:\/\/www.asimas.it\/new_asimas\/\",\"name\":\"Asimas\",\"description\":\"Associazione Italiana Mastocitosi\",\"publisher\":{\"@id\":\"https:\/\/www.asimas.it\/new_asimas\/#organization\"},\"potentialAction\":[{\"@type\":\"SearchAction\",\"target\":{\"@type\":\"EntryPoint\",\"urlTemplate\":\"https:\/\/www.asimas.it\/new_asimas\/?s={search_term_string}\"},\"query-input\":\"required name=search_term_string\"}],\"inLanguage\":\"it-IT\"},{\"@type\":\"ImageObject\",\"@id\":\"http:\/\/www.asimas.it\/new_asimas\/disponibile-una-nuova-edizione-de-la-coccinella-serenella\/#primaryimage\",\"inLanguage\":\"it-IT\",\"url\":\"http:\/\/www.asimas.it\/new_asimas\/wp-content\/uploads\/2025\/01\/la-coccinella-serenella_Libro_Asimas.jpg\",\"contentUrl\":\"http:\/\/www.asimas.it\/new_asimas\/wp-content\/uploads\/2025\/01\/la-coccinella-serenella_Libro_Asimas.jpg\",\"width\":800,\"height\":800,\"caption\":\"La Coccinella Serenella - Libro Asimas\"},{\"@type\":\"WebPage\",\"@id\":\"http:\/\/www.asimas.it\/new_asimas\/disponibile-una-nuova-edizione-de-la-coccinella-serenella\/#webpage\",\"url\":\"http:\/\/www.asimas.it\/new_asimas\/disponibile-una-nuova-edizione-de-la-coccinella-serenella\/\",\"name\":\"Disponibile una nuova edizione de \\\" La Coccinella Serenella\\\" - Asimas\",\"isPartOf\":{\"@id\":\"https:\/\/www.asimas.it\/new_asimas\/#website\"},\"primaryImageOfPage\":{\"@id\":\"http:\/\/www.asimas.it\/new_asimas\/disponibile-una-nuova-edizione-de-la-coccinella-serenella\/#primaryimage\"},\"datePublished\":\"2025-01-27T09:16:01+00:00\",\"dateModified\":\"2025-01-27T16:16:06+00:00\",\"breadcrumb\":{\"@id\":\"http:\/\/www.asimas.it\/new_asimas\/disponibile-una-nuova-edizione-de-la-coccinella-serenella\/#breadcrumb\"},\"inLanguage\":\"it-IT\",\"potentialAction\":[{\"@type\":\"ReadAction\",\"target\":[\"http:\/\/www.asimas.it\/new_asimas\/disponibile-una-nuova-edizione-de-la-coccinella-serenella\/\"]}]},{\"@type\":\"BreadcrumbList\",\"@id\":\"http:\/\/www.asimas.it\/new_asimas\/disponibile-una-nuova-edizione-de-la-coccinella-serenella\/#breadcrumb\",\"itemListElement\":[{\"@type\":\"ListItem\",\"position\":1,\"name\":\"Home\",\"item\":\"https:\/\/www.asimas.it\/new_asimas\/\"},{\"@type\":\"ListItem\",\"position\":2,\"name\":\"Disponibile una nuova edizione de &#8221; La Coccinella Serenella&#8221;\"}]},{\"@type\":\"Article\",\"@id\":\"http:\/\/www.asimas.it\/new_asimas\/disponibile-una-nuova-edizione-de-la-coccinella-serenella\/#article\",\"isPartOf\":{\"@id\":\"http:\/\/www.asimas.it\/new_asimas\/disponibile-una-nuova-edizione-de-la-coccinella-serenella\/#webpage\"},\"author\":{\"@id\":\"https:\/\/www.asimas.it\/new_asimas\/#\/schema\/person\/f4cff0d0946e80b069d013531ab38b84\"},\"headline\":\"Disponibile una nuova edizione de &#8221; La Coccinella Serenella&#8221;\",\"datePublished\":\"2025-01-27T09:16:01+00:00\",\"dateModified\":\"2025-01-27T16:16:06+00:00\",\"mainEntityOfPage\":{\"@id\":\"http:\/\/www.asimas.it\/new_asimas\/disponibile-una-nuova-edizione-de-la-coccinella-serenella\/#webpage\"},\"wordCount\":192,\"publisher\":{\"@id\":\"https:\/\/www.asimas.it\/new_asimas\/#organization\"},\"image\":{\"@id\":\"http:\/\/www.asimas.it\/new_asimas\/disponibile-una-nuova-edizione-de-la-coccinella-serenella\/#primaryimage\"},\"thumbnailUrl\":\"http:\/\/www.asimas.it\/new_asimas\/wp-content\/uploads\/2025\/01\/la-coccinella-serenella_Libro_Asimas.jpg\",\"articleSection\":[\"2025\",\"News\"],\"inLanguage\":\"it-IT\"},{\"@type\":\"Person\",\"@id\":\"https:\/\/www.asimas.it\/new_asimas\/#\/schema\/person\/f4cff0d0946e80b069d013531ab38b84\",\"name\":\"Dani\",\"image\":{\"@type\":\"ImageObject\",\"@id\":\"https:\/\/www.asimas.it\/new_asimas\/#personlogo\",\"inLanguage\":\"it-IT\",\"url\":\"http:\/\/0.gravatar.com\/avatar\/c03fe6a88949b182e89f15f862f46000?s=96&d=mm&r=g\",\"contentUrl\":\"http:\/\/0.gravatar.com\/avatar\/c03fe6a88949b182e89f15f862f46000?s=96&d=mm&r=g\",\"caption\":\"Dani\"},\"url\":\"http:\/\/www.asimas.it\/new_asimas\/author\/admin\/\"}]}<\/script>\r\n<!-- \/ Yoast SEO plugin. -->","yoast_head_json":{"title":"Disponibile una nuova edizione de \" La Coccinella Serenella\" - Asimas","robots":{"index":"noindex","follow":"follow"},"og_locale":"it_IT","og_type":"article","og_title":"Disponibile una nuova edizione de \" La Coccinella Serenella\" - Asimas","og_description":"Siamo felici di annunciare la disponibilit\u00e0 della nuova edizione de \"La Coccinella Serenella, una fiaba speciale scritta e donata con grande generosit\u00e0 da Teresa Ferraro alla nostra Associazione. Questo libro [&hellip;]","og_url":"http:\/\/www.asimas.it\/new_asimas\/disponibile-una-nuova-edizione-de-la-coccinella-serenella\/","og_site_name":"Asimas","article_published_time":"2025-01-27T09:16:01+00:00","article_modified_time":"2025-01-27T16:16:06+00:00","og_image":[{"url":"http:\/\/www.asimas.it\/new_asimas\/wp-content\/uploads\/2025\/01\/la-coccinella-serenella_Libro_Asimas.jpg"}],"twitter_card":"summary_large_image","twitter_misc":{"Scritto da":"Dani","Tempo di lettura stimato":"1 minuto"},"schema":{"@context":"https:\/\/schema.org","@graph":[{"@type":"Organization","@id":"https:\/\/www.asimas.it\/new_asimas\/#organization","name":"ASIMAS - Associazione Italiana Mastocitosi","url":"https:\/\/www.asimas.it\/new_asimas\/","sameAs":[],"logo":{"@type":"ImageObject","@id":"https:\/\/www.asimas.it\/new_asimas\/#logo","inLanguage":"it-IT","url":"https:\/\/www.asimas.it\/new_asimas\/wp-content\/uploads\/2019\/04\/logo-asimas.png","contentUrl":"https:\/\/www.asimas.it\/new_asimas\/wp-content\/uploads\/2019\/04\/logo-asimas.png","width":240,"height":240,"caption":"ASIMAS - Associazione Italiana Mastocitosi"},"image":{"@id":"https:\/\/www.asimas.it\/new_asimas\/#logo"}},{"@type":"WebSite","@id":"https:\/\/www.asimas.it\/new_asimas\/#website","url":"https:\/\/www.asimas.it\/new_asimas\/","name":"Asimas","description":"Associazione Italiana Mastocitosi","publisher":{"@id":"https:\/\/www.asimas.it\/new_asimas\/#organization"},"potentialAction":[{"@type":"SearchAction","target":{"@type":"EntryPoint","urlTemplate":"https:\/\/www.asimas.it\/new_asimas\/?s={search_term_string}"},"query-input":"required name=search_term_string"}],"inLanguage":"it-IT"},{"@type":"ImageObject","@id":"http:\/\/www.asimas.it\/new_asimas\/disponibile-una-nuova-edizione-de-la-coccinella-serenella\/#primaryimage","inLanguage":"it-IT","url":"http:\/\/www.asimas.it\/new_asimas\/wp-content\/uploads\/2025\/01\/la-coccinella-serenella_Libro_Asimas.jpg","contentUrl":"http:\/\/www.asimas.it\/new_asimas\/wp-content\/uploads\/2025\/01\/la-coccinella-serenella_Libro_Asimas.jpg","width":800,"height":800,"caption":"La Coccinella Serenella - Libro Asimas"},{"@type":"WebPage","@id":"http:\/\/www.asimas.it\/new_asimas\/disponibile-una-nuova-edizione-de-la-coccinella-serenella\/#webpage","url":"http:\/\/www.asimas.it\/new_asimas\/disponibile-una-nuova-edizione-de-la-coccinella-serenella\/","name":"Disponibile una nuova edizione de \" La Coccinella Serenella\" - Asimas","isPartOf":{"@id":"https:\/\/www.asimas.it\/new_asimas\/#website"},"primaryImageOfPage":{"@id":"http:\/\/www.asimas.it\/new_asimas\/disponibile-una-nuova-edizione-de-la-coccinella-serenella\/#primaryimage"},"datePublished":"2025-01-27T09:16:01+00:00","dateModified":"2025-01-27T16:16:06+00:00","breadcrumb":{"@id":"http:\/\/www.asimas.it\/new_asimas\/disponibile-una-nuova-edizione-de-la-coccinella-serenella\/#breadcrumb"},"inLanguage":"it-IT","potentialAction":[{"@type":"ReadAction","target":["http:\/\/www.asimas.it\/new_asimas\/disponibile-una-nuova-edizione-de-la-coccinella-serenella\/"]}]},{"@type":"BreadcrumbList","@id":"http:\/\/www.asimas.it\/new_asimas\/disponibile-una-nuova-edizione-de-la-coccinella-serenella\/#breadcrumb","itemListElement":[{"@type":"ListItem","position":1,"name":"Home","item":"https:\/\/www.asimas.it\/new_asimas\/"},{"@type":"ListItem","position":2,"name":"Disponibile una nuova edizione de &#8221; La Coccinella Serenella&#8221;"}]},{"@type":"Article","@id":"http:\/\/www.asimas.it\/new_asimas\/disponibile-una-nuova-edizione-de-la-coccinella-serenella\/#article","isPartOf":{"@id":"http:\/\/www.asimas.it\/new_asimas\/disponibile-una-nuova-edizione-de-la-coccinella-serenella\/#webpage"},"author":{"@id":"https:\/\/www.asimas.it\/new_asimas\/#\/schema\/person\/f4cff0d0946e80b069d013531ab38b84"},"headline":"Disponibile una nuova edizione de &#8221; La Coccinella Serenella&#8221;","datePublished":"2025-01-27T09:16:01+00:00","dateModified":"2025-01-27T16:16:06+00:00","mainEntityOfPage":{"@id":"http:\/\/www.asimas.it\/new_asimas\/disponibile-una-nuova-edizione-de-la-coccinella-serenella\/#webpage"},"wordCount":192,"publisher":{"@id":"https:\/\/www.asimas.it\/new_asimas\/#organization"},"image":{"@id":"http:\/\/www.asimas.it\/new_asimas\/disponibile-una-nuova-edizione-de-la-coccinella-serenella\/#primaryimage"},"thumbnailUrl":"http:\/\/www.asimas.it\/new_asimas\/wp-content\/uploads\/2025\/01\/la-coccinella-serenella_Libro_Asimas.jpg","articleSection":["2025","News"],"inLanguage":"it-IT"},{"@type":"Person","@id":"https:\/\/www.asimas.it\/new_asimas\/#\/schema\/person\/f4cff0d0946e80b069d013531ab38b84","name":"Dani","image":{"@type":"ImageObject","@id":"https:\/\/www.asimas.it\/new_asimas\/#personlogo","inLanguage":"it-IT","url":"http:\/\/0.gravatar.com\/avatar\/c03fe6a88949b182e89f15f862f46000?s=96&d=mm&r=g","contentUrl":"http:\/\/0.gravatar.com\/avatar\/c03fe6a88949b182e89f15f862f46000?s=96&d=mm&r=g","caption":"Dani"},"url":"http:\/\/www.asimas.it\/new_asimas\/author\/admin\/"}]}},"_links":{"self":[{"href":"http:\/\/www.asimas.it\/new_asimas\/wp-json\/wp\/v2\/posts\/5379"}],"collection":[{"href":"http:\/\/www.asimas.it\/new_asimas\/wp-json\/wp\/v2\/posts"}],"about":[{"href":"http:\/\/www.asimas.it\/new_asimas\/wp-json\/wp\/v2\/types\/post"}],"author":[{"embeddable":true,"href":"http:\/\/www.asimas.it\/new_asimas\/wp-json\/wp\/v2\/users\/1"}],"replies":[{"embeddable":true,"href":"http:\/\/www.asimas.it\/new_asimas\/wp-json\/wp\/v2\/comments?post=5379"}],"version-history":[{"count":11,"href":"http:\/\/www.asimas.it\/new_asimas\/wp-json\/wp\/v2\/posts\/5379\/revisions"}],"predecessor-version":[{"id":5393,"href":"http:\/\/www.asimas.it\/new_asimas\/wp-json\/wp\/v2\/posts\/5379\/revisions\/5393"}],"wp:attachment":[{"href":"http:\/\/www.asimas.it\/new_asimas\/wp-json\/wp\/v2\/media?parent=5379"}],"wp:term":[{"taxonomy":"category","embeddable":true,"href":"http:\/\/www.asimas.it\/new_asimas\/wp-json\/wp\/v2\/categories?post=5379"},{"taxonomy":"post_tag","embeddable":true,"href":"http:\/\/www.asimas.it\/new_asimas\/wp-json\/wp\/v2\/tags?post=5379"}],"curies":[{"name":"wp","href":"https:\/\/api.w.org\/{rel}","templated":true}]}}