{"id":5377,"date":"2025-01-25T10:41:20","date_gmt":"2025-01-25T09:41:20","guid":{"rendered":"https:\/\/www.asimas.it\/new_asimas\/?p=5377"},"modified":"2025-02-27T12:57:39","modified_gmt":"2025-02-27T11:57:39","slug":"rinnovo-quota-associativa-2025-e-rinnovo-del-consiglio-direttivo-asimas-e-presidenza-per-il-triennio-2025-2028","status":"publish","type":"post","link":"http:\/\/www.asimas.it\/new_asimas\/rinnovo-quota-associativa-2025-e-rinnovo-del-consiglio-direttivo-asimas-e-presidenza-per-il-triennio-2025-2028\/","title":{"rendered":"Rinnovo quota associativa 2025 e Rinnovo del Consiglio Direttivo ASIMAS e Presidenza per il triennio 2025-2028"},"content":{"rendered":"<div id=\"pl-5377\"  class=\"panel-layout\" ><div id=\"pg-5377-0\"  class=\"panel-grid panel-no-style\" ><div id=\"pgc-5377-0-0\"  class=\"panel-grid-cell\" ><div id=\"panel-5377-0-0-0\" class=\"so-panel widget widget_text panel-first-child\" data-index=\"0\" ><h3 class=\"widget-title\">Rinnovo della quota associativa 2025<\/h3>\t\t\t<div class=\"textwidget\"><p>A partire dal 1\u00b0 gennaio 2025, \u00e8 ufficialmente iniziato il rinnovo delle quote associative per l\u2019anno in corso!<\/p>\n<p>La quota associativa per il 2025 rimane invariata ed \u00e8 fissata a <strong>20\u20ac<\/strong>, un importo che ci permette di sostenere le attivit\u00e0 e i progetti dell&#8217;Associazione, nonch\u00e9 di garantire un supporto sempre pi\u00f9 attivo per tutti \u2764\ufe0f<\/p>\n<p>Per procedere al rinnovo, \u00e8 possibile di effettuare il pagamento sul seguente conto corrente bancario:<\/p>\n<p><strong>Banca Prossima \u2013 IBAN<\/strong>: IT10 U033 5901 6001 0000 0148 866<\/p>\n<p>Ricordando che il termine ultimo per il pagamento \u00e8 il <strong>15 marzo 2025, <\/strong>ne approfittiamo per\u00a0esprimere un sentito <strong>grazie<\/strong> a tutti i soci che hanno gi\u00e0 rinnovato la loro iscrizione per l\u2019anno 2025 e un caloroso benvenuto ai nuovi membri che si sono uniti, o che vorranno unirsi a noi!<\/p>\n<p>Ogni nuovo iscritto rappresenta una nuova energia per la nostra Associazione e ci permette di ampliare ulteriormente la nostra rete e i nostri progetti \u2764\ufe0f<\/p>\n<\/div>\n\t\t<\/div><div id=\"panel-5377-0-0-1\" class=\"so-panel widget widget_text panel-last-child\" data-index=\"1\" ><h3 class=\"widget-title\">Rinnovo del Consiglio Direttivo ASIMAS e Presidenza per il triennio 2025-2028 \u2013 Apertura delle candidature<\/h3>\t\t\t<div class=\"textwidget\"><p>Siamo lieti di informare tutti i soci che, in occasione della prossima Assemblea Ordinaria che si terr\u00e0 a Torino il 12 aprile 2025 alle ore 14:00, si proceder\u00e0 con le elezioni per il rinnovo del Consiglio Direttivo e della Presidenza dell\u2019Associazione ASIMAS per il triennio 2025-2028.<\/p>\n<p>Le elezioni rappresentano un momento fondamentale per il futuro dell\u2019Associazione, poich\u00e9 \u00e8 attraverso il coinvolgimento attivo dei soci che possiamo continuare a crescere, a migliorare e a perseguire insieme gli obiettivi che ci uniscono. Se desideri essere parte di questo importante processo e contribuire attivamente alla guida dell\u2019Associazione, ti invitiamo a inviare la tua candidatura.<\/p>\n<p>Per candidarti, \u00e8 necessario inviare una breve proposta di candidatura all\u2019indirizzo e-mail <strong><a rel=\"noopener\">segreteria@asimas.it<\/a><\/strong> entro il termine del <strong>10 marzo 2025<\/strong>. Le candidature saranno esaminate in base alle modalit\u00e0 e alle tempistiche stabilite dal regolamento interno, e tutti i soci saranno tempestivamente informati riguardo alle modalit\u00e0 di svolgimento delle elezioni e ad ogni eventuale dettaglio utile per partecipare attivamente.<\/p>\n<p>Vi invitiamo a seguire il sito ed i nostri canali social per ulteriori aggiornamenti e comunicazioni!<\/p>\n<p>Un forte abbraccio,<\/p>\n<p>Asimas<\/p>\n<\/div>\n\t\t<\/div><\/div><\/div><\/div>","protected":false},"excerpt":{"rendered":"<p>A partire dal 1\u00b0 gennaio 2025, \u00e8 ufficialmente iniziato il rinnovo delle quote associative per l\u2019anno in corso! La quota associativa per il 2025 rimane invariata ed \u00e8 fissata a [&hellip;]<\/p>\n","protected":false},"author":1,"featured_media":0,"comment_status":"closed","ping_status":"open","sticky":false,"template":"","format":"standard","meta":[],"categories":[24,2],"tags":[],"yoast_head":"<!-- This site is optimized with the Yoast SEO plugin v18.4.1 - https:\/\/yoast.com\/wordpress\/plugins\/seo\/ -->\r\n<title>Rinnovo quota associativa 2025 e Rinnovo del Consiglio Direttivo ASIMAS e Presidenza per il triennio 2025-2028 - Asimas<\/title>\r\n<meta name=\"robots\" content=\"noindex, follow\" \/>\r\n<meta property=\"og:locale\" content=\"it_IT\" \/>\r\n<meta property=\"og:type\" content=\"article\" \/>\r\n<meta property=\"og:title\" content=\"Rinnovo quota associativa 2025 e Rinnovo del Consiglio Direttivo ASIMAS e Presidenza per il triennio 2025-2028 - Asimas\" \/>\r\n<meta property=\"og:description\" content=\"A partire dal 1\u00b0 gennaio 2025, \u00e8 ufficialmente iniziato il rinnovo delle quote associative per l\u2019anno in corso! La quota associativa per il 2025 rimane invariata ed \u00e8 fissata a [&hellip;]\" \/>\r\n<meta property=\"og:url\" content=\"http:\/\/www.asimas.it\/new_asimas\/rinnovo-quota-associativa-2025-e-rinnovo-del-consiglio-direttivo-asimas-e-presidenza-per-il-triennio-2025-2028\/\" \/>\r\n<meta property=\"og:site_name\" content=\"Asimas\" \/>\r\n<meta property=\"article:published_time\" content=\"2025-01-25T09:41:20+00:00\" \/>\r\n<meta property=\"article:modified_time\" content=\"2025-02-27T11:57:39+00:00\" \/>\r\n<meta name=\"twitter:card\" content=\"summary_large_image\" \/>\r\n<meta name=\"twitter:label1\" content=\"Scritto da\" \/>\n\t<meta name=\"twitter:data1\" content=\"Dani\" \/>\n\t<meta name=\"twitter:label2\" content=\"Tempo di lettura stimato\" \/>\n\t<meta name=\"twitter:data2\" content=\"2 minuti\" \/>\r\n<script type=\"application\/ld+json\" class=\"yoast-schema-graph\">{\"@context\":\"https:\/\/schema.org\",\"@graph\":[{\"@type\":\"Organization\",\"@id\":\"https:\/\/www.asimas.it\/new_asimas\/#organization\",\"name\":\"ASIMAS - Associazione Italiana Mastocitosi\",\"url\":\"https:\/\/www.asimas.it\/new_asimas\/\",\"sameAs\":[],\"logo\":{\"@type\":\"ImageObject\",\"@id\":\"https:\/\/www.asimas.it\/new_asimas\/#logo\",\"inLanguage\":\"it-IT\",\"url\":\"https:\/\/www.asimas.it\/new_asimas\/wp-content\/uploads\/2019\/04\/logo-asimas.png\",\"contentUrl\":\"https:\/\/www.asimas.it\/new_asimas\/wp-content\/uploads\/2019\/04\/logo-asimas.png\",\"width\":240,\"height\":240,\"caption\":\"ASIMAS - Associazione Italiana Mastocitosi\"},\"image\":{\"@id\":\"https:\/\/www.asimas.it\/new_asimas\/#logo\"}},{\"@type\":\"WebSite\",\"@id\":\"https:\/\/www.asimas.it\/new_asimas\/#website\",\"url\":\"https:\/\/www.asimas.it\/new_asimas\/\",\"name\":\"Asimas\",\"description\":\"Associazione Italiana Mastocitosi\",\"publisher\":{\"@id\":\"https:\/\/www.asimas.it\/new_asimas\/#organization\"},\"potentialAction\":[{\"@type\":\"SearchAction\",\"target\":{\"@type\":\"EntryPoint\",\"urlTemplate\":\"https:\/\/www.asimas.it\/new_asimas\/?s={search_term_string}\"},\"query-input\":\"required name=search_term_string\"}],\"inLanguage\":\"it-IT\"},{\"@type\":\"WebPage\",\"@id\":\"http:\/\/www.asimas.it\/new_asimas\/rinnovo-quota-associativa-2025-e-rinnovo-del-consiglio-direttivo-asimas-e-presidenza-per-il-triennio-2025-2028\/#webpage\",\"url\":\"http:\/\/www.asimas.it\/new_asimas\/rinnovo-quota-associativa-2025-e-rinnovo-del-consiglio-direttivo-asimas-e-presidenza-per-il-triennio-2025-2028\/\",\"name\":\"Rinnovo quota associativa 2025 e Rinnovo del Consiglio Direttivo ASIMAS e Presidenza per il triennio 2025-2028 - Asimas\",\"isPartOf\":{\"@id\":\"https:\/\/www.asimas.it\/new_asimas\/#website\"},\"datePublished\":\"2025-01-25T09:41:20+00:00\",\"dateModified\":\"2025-02-27T11:57:39+00:00\",\"breadcrumb\":{\"@id\":\"http:\/\/www.asimas.it\/new_asimas\/rinnovo-quota-associativa-2025-e-rinnovo-del-consiglio-direttivo-asimas-e-presidenza-per-il-triennio-2025-2028\/#breadcrumb\"},\"inLanguage\":\"it-IT\",\"potentialAction\":[{\"@type\":\"ReadAction\",\"target\":[\"http:\/\/www.asimas.it\/new_asimas\/rinnovo-quota-associativa-2025-e-rinnovo-del-consiglio-direttivo-asimas-e-presidenza-per-il-triennio-2025-2028\/\"]}]},{\"@type\":\"BreadcrumbList\",\"@id\":\"http:\/\/www.asimas.it\/new_asimas\/rinnovo-quota-associativa-2025-e-rinnovo-del-consiglio-direttivo-asimas-e-presidenza-per-il-triennio-2025-2028\/#breadcrumb\",\"itemListElement\":[{\"@type\":\"ListItem\",\"position\":1,\"name\":\"Home\",\"item\":\"https:\/\/www.asimas.it\/new_asimas\/\"},{\"@type\":\"ListItem\",\"position\":2,\"name\":\"Rinnovo quota associativa 2025 e Rinnovo del Consiglio Direttivo ASIMAS e Presidenza per il triennio 2025-2028\"}]},{\"@type\":\"Article\",\"@id\":\"http:\/\/www.asimas.it\/new_asimas\/rinnovo-quota-associativa-2025-e-rinnovo-del-consiglio-direttivo-asimas-e-presidenza-per-il-triennio-2025-2028\/#article\",\"isPartOf\":{\"@id\":\"http:\/\/www.asimas.it\/new_asimas\/rinnovo-quota-associativa-2025-e-rinnovo-del-consiglio-direttivo-asimas-e-presidenza-per-il-triennio-2025-2028\/#webpage\"},\"author\":{\"@id\":\"https:\/\/www.asimas.it\/new_asimas\/#\/schema\/person\/f4cff0d0946e80b069d013531ab38b84\"},\"headline\":\"Rinnovo quota associativa 2025 e Rinnovo del Consiglio Direttivo ASIMAS e Presidenza per il triennio 2025-2028\",\"datePublished\":\"2025-01-25T09:41:20+00:00\",\"dateModified\":\"2025-02-27T11:57:39+00:00\",\"mainEntityOfPage\":{\"@id\":\"http:\/\/www.asimas.it\/new_asimas\/rinnovo-quota-associativa-2025-e-rinnovo-del-consiglio-direttivo-asimas-e-presidenza-per-il-triennio-2025-2028\/#webpage\"},\"wordCount\":352,\"publisher\":{\"@id\":\"https:\/\/www.asimas.it\/new_asimas\/#organization\"},\"articleSection\":[\"2025\",\"News\"],\"inLanguage\":\"it-IT\"},{\"@type\":\"Person\",\"@id\":\"https:\/\/www.asimas.it\/new_asimas\/#\/schema\/person\/f4cff0d0946e80b069d013531ab38b84\",\"name\":\"Dani\",\"image\":{\"@type\":\"ImageObject\",\"@id\":\"https:\/\/www.asimas.it\/new_asimas\/#personlogo\",\"inLanguage\":\"it-IT\",\"url\":\"http:\/\/0.gravatar.com\/avatar\/c03fe6a88949b182e89f15f862f46000?s=96&d=mm&r=g\",\"contentUrl\":\"http:\/\/0.gravatar.com\/avatar\/c03fe6a88949b182e89f15f862f46000?s=96&d=mm&r=g\",\"caption\":\"Dani\"},\"url\":\"http:\/\/www.asimas.it\/new_asimas\/author\/admin\/\"}]}<\/script>\r\n<!-- \/ Yoast SEO plugin. -->","yoast_head_json":{"title":"Rinnovo quota associativa 2025 e Rinnovo del Consiglio Direttivo ASIMAS e Presidenza per il triennio 2025-2028 - Asimas","robots":{"index":"noindex","follow":"follow"},"og_locale":"it_IT","og_type":"article","og_title":"Rinnovo quota associativa 2025 e Rinnovo del Consiglio Direttivo ASIMAS e Presidenza per il triennio 2025-2028 - Asimas","og_description":"A partire dal 1\u00b0 gennaio 2025, \u00e8 ufficialmente iniziato il rinnovo delle quote associative per l\u2019anno in corso! La quota associativa per il 2025 rimane invariata ed \u00e8 fissata a [&hellip;]","og_url":"http:\/\/www.asimas.it\/new_asimas\/rinnovo-quota-associativa-2025-e-rinnovo-del-consiglio-direttivo-asimas-e-presidenza-per-il-triennio-2025-2028\/","og_site_name":"Asimas","article_published_time":"2025-01-25T09:41:20+00:00","article_modified_time":"2025-02-27T11:57:39+00:00","twitter_card":"summary_large_image","twitter_misc":{"Scritto da":"Dani","Tempo di lettura stimato":"2 minuti"},"schema":{"@context":"https:\/\/schema.org","@graph":[{"@type":"Organization","@id":"https:\/\/www.asimas.it\/new_asimas\/#organization","name":"ASIMAS - Associazione Italiana Mastocitosi","url":"https:\/\/www.asimas.it\/new_asimas\/","sameAs":[],"logo":{"@type":"ImageObject","@id":"https:\/\/www.asimas.it\/new_asimas\/#logo","inLanguage":"it-IT","url":"https:\/\/www.asimas.it\/new_asimas\/wp-content\/uploads\/2019\/04\/logo-asimas.png","contentUrl":"https:\/\/www.asimas.it\/new_asimas\/wp-content\/uploads\/2019\/04\/logo-asimas.png","width":240,"height":240,"caption":"ASIMAS - Associazione Italiana Mastocitosi"},"image":{"@id":"https:\/\/www.asimas.it\/new_asimas\/#logo"}},{"@type":"WebSite","@id":"https:\/\/www.asimas.it\/new_asimas\/#website","url":"https:\/\/www.asimas.it\/new_asimas\/","name":"Asimas","description":"Associazione Italiana Mastocitosi","publisher":{"@id":"https:\/\/www.asimas.it\/new_asimas\/#organization"},"potentialAction":[{"@type":"SearchAction","target":{"@type":"EntryPoint","urlTemplate":"https:\/\/www.asimas.it\/new_asimas\/?s={search_term_string}"},"query-input":"required name=search_term_string"}],"inLanguage":"it-IT"},{"@type":"WebPage","@id":"http:\/\/www.asimas.it\/new_asimas\/rinnovo-quota-associativa-2025-e-rinnovo-del-consiglio-direttivo-asimas-e-presidenza-per-il-triennio-2025-2028\/#webpage","url":"http:\/\/www.asimas.it\/new_asimas\/rinnovo-quota-associativa-2025-e-rinnovo-del-consiglio-direttivo-asimas-e-presidenza-per-il-triennio-2025-2028\/","name":"Rinnovo quota associativa 2025 e Rinnovo del Consiglio Direttivo ASIMAS e Presidenza per il triennio 2025-2028 - Asimas","isPartOf":{"@id":"https:\/\/www.asimas.it\/new_asimas\/#website"},"datePublished":"2025-01-25T09:41:20+00:00","dateModified":"2025-02-27T11:57:39+00:00","breadcrumb":{"@id":"http:\/\/www.asimas.it\/new_asimas\/rinnovo-quota-associativa-2025-e-rinnovo-del-consiglio-direttivo-asimas-e-presidenza-per-il-triennio-2025-2028\/#breadcrumb"},"inLanguage":"it-IT","potentialAction":[{"@type":"ReadAction","target":["http:\/\/www.asimas.it\/new_asimas\/rinnovo-quota-associativa-2025-e-rinnovo-del-consiglio-direttivo-asimas-e-presidenza-per-il-triennio-2025-2028\/"]}]},{"@type":"BreadcrumbList","@id":"http:\/\/www.asimas.it\/new_asimas\/rinnovo-quota-associativa-2025-e-rinnovo-del-consiglio-direttivo-asimas-e-presidenza-per-il-triennio-2025-2028\/#breadcrumb","itemListElement":[{"@type":"ListItem","position":1,"name":"Home","item":"https:\/\/www.asimas.it\/new_asimas\/"},{"@type":"ListItem","position":2,"name":"Rinnovo quota associativa 2025 e Rinnovo del Consiglio Direttivo ASIMAS e Presidenza per il triennio 2025-2028"}]},{"@type":"Article","@id":"http:\/\/www.asimas.it\/new_asimas\/rinnovo-quota-associativa-2025-e-rinnovo-del-consiglio-direttivo-asimas-e-presidenza-per-il-triennio-2025-2028\/#article","isPartOf":{"@id":"http:\/\/www.asimas.it\/new_asimas\/rinnovo-quota-associativa-2025-e-rinnovo-del-consiglio-direttivo-asimas-e-presidenza-per-il-triennio-2025-2028\/#webpage"},"author":{"@id":"https:\/\/www.asimas.it\/new_asimas\/#\/schema\/person\/f4cff0d0946e80b069d013531ab38b84"},"headline":"Rinnovo quota associativa 2025 e Rinnovo del Consiglio Direttivo ASIMAS e Presidenza per il triennio 2025-2028","datePublished":"2025-01-25T09:41:20+00:00","dateModified":"2025-02-27T11:57:39+00:00","mainEntityOfPage":{"@id":"http:\/\/www.asimas.it\/new_asimas\/rinnovo-quota-associativa-2025-e-rinnovo-del-consiglio-direttivo-asimas-e-presidenza-per-il-triennio-2025-2028\/#webpage"},"wordCount":352,"publisher":{"@id":"https:\/\/www.asimas.it\/new_asimas\/#organization"},"articleSection":["2025","News"],"inLanguage":"it-IT"},{"@type":"Person","@id":"https:\/\/www.asimas.it\/new_asimas\/#\/schema\/person\/f4cff0d0946e80b069d013531ab38b84","name":"Dani","image":{"@type":"ImageObject","@id":"https:\/\/www.asimas.it\/new_asimas\/#personlogo","inLanguage":"it-IT","url":"http:\/\/0.gravatar.com\/avatar\/c03fe6a88949b182e89f15f862f46000?s=96&d=mm&r=g","contentUrl":"http:\/\/0.gravatar.com\/avatar\/c03fe6a88949b182e89f15f862f46000?s=96&d=mm&r=g","caption":"Dani"},"url":"http:\/\/www.asimas.it\/new_asimas\/author\/admin\/"}]}},"_links":{"self":[{"href":"http:\/\/www.asimas.it\/new_asimas\/wp-json\/wp\/v2\/posts\/5377"}],"collection":[{"href":"http:\/\/www.asimas.it\/new_asimas\/wp-json\/wp\/v2\/posts"}],"about":[{"href":"http:\/\/www.asimas.it\/new_asimas\/wp-json\/wp\/v2\/types\/post"}],"author":[{"embeddable":true,"href":"http:\/\/www.asimas.it\/new_asimas\/wp-json\/wp\/v2\/users\/1"}],"replies":[{"embeddable":true,"href":"http:\/\/www.asimas.it\/new_asimas\/wp-json\/wp\/v2\/comments?post=5377"}],"version-history":[{"count":2,"href":"http:\/\/www.asimas.it\/new_asimas\/wp-json\/wp\/v2\/posts\/5377\/revisions"}],"predecessor-version":[{"id":5413,"href":"http:\/\/www.asimas.it\/new_asimas\/wp-json\/wp\/v2\/posts\/5377\/revisions\/5413"}],"wp:attachment":[{"href":"http:\/\/www.asimas.it\/new_asimas\/wp-json\/wp\/v2\/media?parent=5377"}],"wp:term":[{"taxonomy":"category","embeddable":true,"href":"http:\/\/www.asimas.it\/new_asimas\/wp-json\/wp\/v2\/categories?post=5377"},{"taxonomy":"post_tag","embeddable":true,"href":"http:\/\/www.asimas.it\/new_asimas\/wp-json\/wp\/v2\/tags?post=5377"}],"curies":[{"name":"wp","href":"https:\/\/api.w.org\/{rel}","templated":true}]}}