{"id":5370,"date":"2025-01-23T14:38:13","date_gmt":"2025-01-23T13:38:13","guid":{"rendered":"https:\/\/www.asimas.it\/new_asimas\/?p=5370"},"modified":"2025-01-23T14:43:06","modified_gmt":"2025-01-23T13:43:06","slug":"comunicazione-importante","status":"publish","type":"post","link":"http:\/\/www.asimas.it\/new_asimas\/comunicazione-importante\/","title":{"rendered":"COMUNICAZIONE IMPORTANTE"},"content":{"rendered":"<div id=\"pl-5370\"  class=\"panel-layout\" ><div id=\"pg-5370-0\"  class=\"panel-grid panel-no-style\" ><div id=\"pgc-5370-0-0\"  class=\"panel-grid-cell\" ><div id=\"panel-5370-0-0-0\" class=\"so-panel widget widget_text panel-first-child panel-last-child\" data-index=\"0\" >\t\t\t<div class=\"textwidget\"><p>Siamo finalmente giunti a un punto di svolta dopo un lungo periodo di attesa, con un anno di rinvii e numerosi dibattiti, ma ora il cambiamento \u00e8 realt\u00e0: <strong>a partire da gennaio 2025<\/strong>, entrano ufficialmente in vigore i <strong>nuovi Livelli Essenziali di Assistenza (LEA)<\/strong>, che segnano una pietra miliare nella riforma del nostro sistema sanitario nazionale. Dopo ben 28 anni dall\u2019ultima modifica, il <strong>DPCM 2017<\/strong> si aggiorna con nuove tariffe per esami e visite mediche, e soprattutto con la <strong>definizione di un tariffario unico a livello nazionale<\/strong>.<\/p>\n<p>Per troppo tempo, infatti, il sistema sanitario nazionale ha vissuto con tariffe differenti da regione a regione, creando disuguaglianze tra i cittadini in base alla loro residenza. A partire dal 2025, <strong>queste differenze verranno finalmente azzerate<\/strong>, garantendo a tutti i cittadini un trattamento equo, indipendentemente dalla regione di provenienza.<\/p>\n<p>Un\u2019altra novit\u00e0 importante riguarda la <strong>TRIPTASI<\/strong>, che finalmente entra a far parte degli esami inclusi nei LEA, una procedura che fino a ieri risultava esclusa o trattata in modo diverso a seconda delle aree. Questo \u00e8 solo uno degli esempi di come le nuove regolamentazioni mirino a migliorare l&#8217;accesso ai servizi sanitari per tutti i cittadini, rafforzando il concetto di <strong>universalit\u00e0 e equit\u00e0<\/strong> del nostro sistema.<\/p>\n<h3>Cos\u2019\u00e8 cambiato concretamente?<\/h3>\n<p>Il <strong>Decreto Ministeriale (DM) del 26 novembre 2024<\/strong>, che ha definito le nuove tariffe, assicura che dal 2025 tutte le prestazioni mediche, dagli esami diagnostici alle visite specialistiche, siano erogate con un tariffario unico su tutto il territorio nazionale. Questo significa che, per esempio, il ticket per una visita specialistica non varier\u00e0 pi\u00f9 da una regione all&#8217;altra, ma sar\u00e0 identico per tutti.<\/p>\n<p>Ma cosa comporta questo cambiamento per i cittadini? Analizzando gli esempi pratici, vediamo che in alcuni casi ci saranno piccoli aumenti o diminuzioni nei costi rispetto alle tariffe regionali precedenti. Ad esempio, la <strong>prima visita specialistica<\/strong> avr\u00e0 un costo medio di <strong>25\u20ac<\/strong>, mentre una <strong>visita di controllo<\/strong> passer\u00e0 da una media di <strong>15\u20ac-25\u20ac<\/strong> a un costo fisso di <strong>17,90\u20ac<\/strong>. Alcuni esami, come l&#8217;<strong>elettrocardiogramma<\/strong> e la <strong>radiografia al torace<\/strong>, vedranno una riduzione del ticket, mentre altri, come l\u2019<strong>ecografia addominale<\/strong>, avranno un costo leggermente pi\u00f9 alto. Tuttavia, \u00e8 importante sottolineare che queste variazioni sono contenute e mirano a creare una maggiore uniformit\u00e0 tra le regioni.<\/p>\n<h3>Perch\u00e9 \u00e8 un piccolo traguardo?<\/h3>\n<p>Il sistema sanitario italiano, pur essendo uno dei migliori al mondo, soffriva di una frammentazione che rendeva difficile per i cittadini godere degli stessi diritti in ogni parte del paese. Con l\u2019introduzione di questi nuovi <strong>LEA e tariffe uniformi<\/strong>, possiamo finalmente dire che si sta facendo un passo avanti verso una vera <strong>uniformit\u00e0 nell\u2019accesso alle prestazioni sanitarie<\/strong>. Questo significa che ogni cittadino, indipendentemente da dove viva, avr\u00e0 accesso agli stessi servizi sanitari e sar\u00e0 soggetto agli stessi costi, creando un sistema sanitario davvero <strong>nazionale<\/strong>.<\/p>\n<h3>Link utili per maggiori dettagli<\/h3>\n<p>Per chi volesse approfondire le modifiche e i dettagli su come queste nuove regolamentazioni influiranno sui costi dei servizi sanitari, ecco alcuni link utili:<\/p>\n<ul>\n<li><a href=\"https:\/\/www.altroconsumo.it\/salute\/diritti-in-salute\/speciali\/nuovi-ticket-sanitari#ticket-sanitari-da-gennaio-uguali-in-tutta-italia\" target=\"_new\" rel=\"noopener\">Nuovi ticket sanitari da gennaio 2025<\/a><\/li>\n<li><a href=\"https:\/\/www.salute.gov.it\/portale\/programmazioneFinanziamentoSSN\/dettaglioContenutiProgrammazioneFinanziamentoSSN.jsp?lingua=italiano&amp;id=3662&amp;area=programmazioneSanitariaLea&amp;menu=vuoto&amp;tab=1\" target=\"_new\" rel=\"noopener\">Programmazione e finanziamento SSN &#8211; Ministero della Salute<\/a><\/li>\n<\/ul>\n<p>Inoltre, se desiderate una panoramica pi\u00f9 completa sugli aggiornamenti e le modifiche alle prestazioni del <strong>Servizio Sanitario Nazionale<\/strong>, vi invitiamo a leggere i dettagli forniti nei link sopra indicati.<\/p>\n<h3><\/h3>\n<p>Auguriamo a tutti una <strong>buona lettura<\/strong> e ci auguriamo che queste modifiche possano contribuire a un servizio sanitario ancora pi\u00f9 equo, accessibile e di qualit\u00e0 per tutti!<\/p>\n<p>\ud83d\ude0a <strong>Patrizia e tutto il direttivo ASIMAS<\/strong><\/p>\n<\/div>\n\t\t<\/div><\/div><\/div><\/div>","protected":false},"excerpt":{"rendered":"<p>Siamo finalmente giunti a un punto di svolta dopo un lungo periodo di attesa, con un anno di rinvii e numerosi dibattiti, ma ora il cambiamento \u00e8 realt\u00e0: a partire [&hellip;]<\/p>\n","protected":false},"author":1,"featured_media":0,"comment_status":"closed","ping_status":"open","sticky":false,"template":"","format":"standard","meta":[],"categories":[24],"tags":[],"yoast_head":"<!-- This site is optimized with the Yoast SEO plugin v18.4.1 - https:\/\/yoast.com\/wordpress\/plugins\/seo\/ -->\r\n<title>COMUNICAZIONE IMPORTANTE - Asimas<\/title>\r\n<meta name=\"robots\" content=\"noindex, follow\" \/>\r\n<meta property=\"og:locale\" content=\"it_IT\" \/>\r\n<meta property=\"og:type\" content=\"article\" \/>\r\n<meta property=\"og:title\" content=\"COMUNICAZIONE IMPORTANTE - Asimas\" \/>\r\n<meta property=\"og:description\" content=\"Siamo finalmente giunti a un punto di svolta dopo un lungo periodo di attesa, con un anno di rinvii e numerosi dibattiti, ma ora il cambiamento \u00e8 realt\u00e0: a partire [&hellip;]\" \/>\r\n<meta property=\"og:url\" content=\"http:\/\/www.asimas.it\/new_asimas\/comunicazione-importante\/\" \/>\r\n<meta property=\"og:site_name\" content=\"Asimas\" \/>\r\n<meta property=\"article:published_time\" content=\"2025-01-23T13:38:13+00:00\" \/>\r\n<meta property=\"article:modified_time\" content=\"2025-01-23T13:43:06+00:00\" \/>\r\n<meta name=\"twitter:card\" content=\"summary_large_image\" \/>\r\n<meta name=\"twitter:label1\" content=\"Scritto da\" \/>\n\t<meta name=\"twitter:data1\" content=\"Dani\" \/>\n\t<meta name=\"twitter:label2\" content=\"Tempo di lettura stimato\" \/>\n\t<meta name=\"twitter:data2\" content=\"3 minuti\" \/>\r\n<script type=\"application\/ld+json\" class=\"yoast-schema-graph\">{\"@context\":\"https:\/\/schema.org\",\"@graph\":[{\"@type\":\"Organization\",\"@id\":\"https:\/\/www.asimas.it\/new_asimas\/#organization\",\"name\":\"ASIMAS - Associazione Italiana Mastocitosi\",\"url\":\"https:\/\/www.asimas.it\/new_asimas\/\",\"sameAs\":[],\"logo\":{\"@type\":\"ImageObject\",\"@id\":\"https:\/\/www.asimas.it\/new_asimas\/#logo\",\"inLanguage\":\"it-IT\",\"url\":\"https:\/\/www.asimas.it\/new_asimas\/wp-content\/uploads\/2019\/04\/logo-asimas.png\",\"contentUrl\":\"https:\/\/www.asimas.it\/new_asimas\/wp-content\/uploads\/2019\/04\/logo-asimas.png\",\"width\":240,\"height\":240,\"caption\":\"ASIMAS - Associazione Italiana Mastocitosi\"},\"image\":{\"@id\":\"https:\/\/www.asimas.it\/new_asimas\/#logo\"}},{\"@type\":\"WebSite\",\"@id\":\"https:\/\/www.asimas.it\/new_asimas\/#website\",\"url\":\"https:\/\/www.asimas.it\/new_asimas\/\",\"name\":\"Asimas\",\"description\":\"Associazione Italiana Mastocitosi\",\"publisher\":{\"@id\":\"https:\/\/www.asimas.it\/new_asimas\/#organization\"},\"potentialAction\":[{\"@type\":\"SearchAction\",\"target\":{\"@type\":\"EntryPoint\",\"urlTemplate\":\"https:\/\/www.asimas.it\/new_asimas\/?s={search_term_string}\"},\"query-input\":\"required name=search_term_string\"}],\"inLanguage\":\"it-IT\"},{\"@type\":\"WebPage\",\"@id\":\"http:\/\/www.asimas.it\/new_asimas\/comunicazione-importante\/#webpage\",\"url\":\"http:\/\/www.asimas.it\/new_asimas\/comunicazione-importante\/\",\"name\":\"COMUNICAZIONE IMPORTANTE - Asimas\",\"isPartOf\":{\"@id\":\"https:\/\/www.asimas.it\/new_asimas\/#website\"},\"datePublished\":\"2025-01-23T13:38:13+00:00\",\"dateModified\":\"2025-01-23T13:43:06+00:00\",\"breadcrumb\":{\"@id\":\"http:\/\/www.asimas.it\/new_asimas\/comunicazione-importante\/#breadcrumb\"},\"inLanguage\":\"it-IT\",\"potentialAction\":[{\"@type\":\"ReadAction\",\"target\":[\"http:\/\/www.asimas.it\/new_asimas\/comunicazione-importante\/\"]}]},{\"@type\":\"BreadcrumbList\",\"@id\":\"http:\/\/www.asimas.it\/new_asimas\/comunicazione-importante\/#breadcrumb\",\"itemListElement\":[{\"@type\":\"ListItem\",\"position\":1,\"name\":\"Home\",\"item\":\"https:\/\/www.asimas.it\/new_asimas\/\"},{\"@type\":\"ListItem\",\"position\":2,\"name\":\"COMUNICAZIONE IMPORTANTE\"}]},{\"@type\":\"Article\",\"@id\":\"http:\/\/www.asimas.it\/new_asimas\/comunicazione-importante\/#article\",\"isPartOf\":{\"@id\":\"http:\/\/www.asimas.it\/new_asimas\/comunicazione-importante\/#webpage\"},\"author\":{\"@id\":\"https:\/\/www.asimas.it\/new_asimas\/#\/schema\/person\/f4cff0d0946e80b069d013531ab38b84\"},\"headline\":\"COMUNICAZIONE IMPORTANTE\",\"datePublished\":\"2025-01-23T13:38:13+00:00\",\"dateModified\":\"2025-01-23T13:43:06+00:00\",\"mainEntityOfPage\":{\"@id\":\"http:\/\/www.asimas.it\/new_asimas\/comunicazione-importante\/#webpage\"},\"wordCount\":559,\"publisher\":{\"@id\":\"https:\/\/www.asimas.it\/new_asimas\/#organization\"},\"articleSection\":[\"2025\"],\"inLanguage\":\"it-IT\"},{\"@type\":\"Person\",\"@id\":\"https:\/\/www.asimas.it\/new_asimas\/#\/schema\/person\/f4cff0d0946e80b069d013531ab38b84\",\"name\":\"Dani\",\"image\":{\"@type\":\"ImageObject\",\"@id\":\"https:\/\/www.asimas.it\/new_asimas\/#personlogo\",\"inLanguage\":\"it-IT\",\"url\":\"http:\/\/0.gravatar.com\/avatar\/c03fe6a88949b182e89f15f862f46000?s=96&d=mm&r=g\",\"contentUrl\":\"http:\/\/0.gravatar.com\/avatar\/c03fe6a88949b182e89f15f862f46000?s=96&d=mm&r=g\",\"caption\":\"Dani\"},\"url\":\"http:\/\/www.asimas.it\/new_asimas\/author\/admin\/\"}]}<\/script>\r\n<!-- \/ Yoast SEO plugin. -->","yoast_head_json":{"title":"COMUNICAZIONE IMPORTANTE - Asimas","robots":{"index":"noindex","follow":"follow"},"og_locale":"it_IT","og_type":"article","og_title":"COMUNICAZIONE IMPORTANTE - Asimas","og_description":"Siamo finalmente giunti a un punto di svolta dopo un lungo periodo di attesa, con un anno di rinvii e numerosi dibattiti, ma ora il cambiamento \u00e8 realt\u00e0: a partire [&hellip;]","og_url":"http:\/\/www.asimas.it\/new_asimas\/comunicazione-importante\/","og_site_name":"Asimas","article_published_time":"2025-01-23T13:38:13+00:00","article_modified_time":"2025-01-23T13:43:06+00:00","twitter_card":"summary_large_image","twitter_misc":{"Scritto da":"Dani","Tempo di lettura stimato":"3 minuti"},"schema":{"@context":"https:\/\/schema.org","@graph":[{"@type":"Organization","@id":"https:\/\/www.asimas.it\/new_asimas\/#organization","name":"ASIMAS - Associazione Italiana Mastocitosi","url":"https:\/\/www.asimas.it\/new_asimas\/","sameAs":[],"logo":{"@type":"ImageObject","@id":"https:\/\/www.asimas.it\/new_asimas\/#logo","inLanguage":"it-IT","url":"https:\/\/www.asimas.it\/new_asimas\/wp-content\/uploads\/2019\/04\/logo-asimas.png","contentUrl":"https:\/\/www.asimas.it\/new_asimas\/wp-content\/uploads\/2019\/04\/logo-asimas.png","width":240,"height":240,"caption":"ASIMAS - Associazione Italiana Mastocitosi"},"image":{"@id":"https:\/\/www.asimas.it\/new_asimas\/#logo"}},{"@type":"WebSite","@id":"https:\/\/www.asimas.it\/new_asimas\/#website","url":"https:\/\/www.asimas.it\/new_asimas\/","name":"Asimas","description":"Associazione Italiana Mastocitosi","publisher":{"@id":"https:\/\/www.asimas.it\/new_asimas\/#organization"},"potentialAction":[{"@type":"SearchAction","target":{"@type":"EntryPoint","urlTemplate":"https:\/\/www.asimas.it\/new_asimas\/?s={search_term_string}"},"query-input":"required name=search_term_string"}],"inLanguage":"it-IT"},{"@type":"WebPage","@id":"http:\/\/www.asimas.it\/new_asimas\/comunicazione-importante\/#webpage","url":"http:\/\/www.asimas.it\/new_asimas\/comunicazione-importante\/","name":"COMUNICAZIONE IMPORTANTE - Asimas","isPartOf":{"@id":"https:\/\/www.asimas.it\/new_asimas\/#website"},"datePublished":"2025-01-23T13:38:13+00:00","dateModified":"2025-01-23T13:43:06+00:00","breadcrumb":{"@id":"http:\/\/www.asimas.it\/new_asimas\/comunicazione-importante\/#breadcrumb"},"inLanguage":"it-IT","potentialAction":[{"@type":"ReadAction","target":["http:\/\/www.asimas.it\/new_asimas\/comunicazione-importante\/"]}]},{"@type":"BreadcrumbList","@id":"http:\/\/www.asimas.it\/new_asimas\/comunicazione-importante\/#breadcrumb","itemListElement":[{"@type":"ListItem","position":1,"name":"Home","item":"https:\/\/www.asimas.it\/new_asimas\/"},{"@type":"ListItem","position":2,"name":"COMUNICAZIONE IMPORTANTE"}]},{"@type":"Article","@id":"http:\/\/www.asimas.it\/new_asimas\/comunicazione-importante\/#article","isPartOf":{"@id":"http:\/\/www.asimas.it\/new_asimas\/comunicazione-importante\/#webpage"},"author":{"@id":"https:\/\/www.asimas.it\/new_asimas\/#\/schema\/person\/f4cff0d0946e80b069d013531ab38b84"},"headline":"COMUNICAZIONE IMPORTANTE","datePublished":"2025-01-23T13:38:13+00:00","dateModified":"2025-01-23T13:43:06+00:00","mainEntityOfPage":{"@id":"http:\/\/www.asimas.it\/new_asimas\/comunicazione-importante\/#webpage"},"wordCount":559,"publisher":{"@id":"https:\/\/www.asimas.it\/new_asimas\/#organization"},"articleSection":["2025"],"inLanguage":"it-IT"},{"@type":"Person","@id":"https:\/\/www.asimas.it\/new_asimas\/#\/schema\/person\/f4cff0d0946e80b069d013531ab38b84","name":"Dani","image":{"@type":"ImageObject","@id":"https:\/\/www.asimas.it\/new_asimas\/#personlogo","inLanguage":"it-IT","url":"http:\/\/0.gravatar.com\/avatar\/c03fe6a88949b182e89f15f862f46000?s=96&d=mm&r=g","contentUrl":"http:\/\/0.gravatar.com\/avatar\/c03fe6a88949b182e89f15f862f46000?s=96&d=mm&r=g","caption":"Dani"},"url":"http:\/\/www.asimas.it\/new_asimas\/author\/admin\/"}]}},"_links":{"self":[{"href":"http:\/\/www.asimas.it\/new_asimas\/wp-json\/wp\/v2\/posts\/5370"}],"collection":[{"href":"http:\/\/www.asimas.it\/new_asimas\/wp-json\/wp\/v2\/posts"}],"about":[{"href":"http:\/\/www.asimas.it\/new_asimas\/wp-json\/wp\/v2\/types\/post"}],"author":[{"embeddable":true,"href":"http:\/\/www.asimas.it\/new_asimas\/wp-json\/wp\/v2\/users\/1"}],"replies":[{"embeddable":true,"href":"http:\/\/www.asimas.it\/new_asimas\/wp-json\/wp\/v2\/comments?post=5370"}],"version-history":[{"count":5,"href":"http:\/\/www.asimas.it\/new_asimas\/wp-json\/wp\/v2\/posts\/5370\/revisions"}],"predecessor-version":[{"id":5376,"href":"http:\/\/www.asimas.it\/new_asimas\/wp-json\/wp\/v2\/posts\/5370\/revisions\/5376"}],"wp:attachment":[{"href":"http:\/\/www.asimas.it\/new_asimas\/wp-json\/wp\/v2\/media?parent=5370"}],"wp:term":[{"taxonomy":"category","embeddable":true,"href":"http:\/\/www.asimas.it\/new_asimas\/wp-json\/wp\/v2\/categories?post=5370"},{"taxonomy":"post_tag","embeddable":true,"href":"http:\/\/www.asimas.it\/new_asimas\/wp-json\/wp\/v2\/tags?post=5370"}],"curies":[{"name":"wp","href":"https:\/\/api.w.org\/{rel}","templated":true}]}}