{"id":5342,"date":"2024-10-24T14:34:59","date_gmt":"2024-10-24T12:34:59","guid":{"rendered":"https:\/\/www.asimas.it\/new_asimas\/?p=5342"},"modified":"2024-10-24T14:48:27","modified_gmt":"2024-10-24T12:48:27","slug":"comunicato-stampa-asimas-giornata-mondiale-della-mastocitosi","status":"publish","type":"post","link":"http:\/\/www.asimas.it\/new_asimas\/comunicato-stampa-asimas-giornata-mondiale-della-mastocitosi\/","title":{"rendered":"Comunicato Stampa Asimas &#8211; Giornata Mondiale della Mastocitosi"},"content":{"rendered":"<div id=\"pl-5342\"  class=\"panel-layout\" ><div id=\"pg-5342-0\"  class=\"panel-grid panel-no-style\" ><div id=\"pgc-5342-0-0\"  class=\"panel-grid-cell\" ><div id=\"panel-5342-0-0-0\" class=\"so-panel widget widget_text panel-first-child\" data-index=\"0\" ><h3 class=\"widget-title\">Monumenti in viola e un video in tre minuti per raccontare la malattia dai tanti volti<\/h3>\t\t\t<div class=\"textwidget\"><p>\u201cMastocitosi? Te lo spiego\u201d \u00e8 il video lanciato da ASIMAS \u2013 Associazione Italiana Mastocitosi in occasione della Giornata Mondiale dedicata alla malattia, realizzato con il supporto non condizionante di Blueprint Medicines che in tre minuti attraverso video-infografiche illustra la Mastocitosi: una malattia rara, complessa e poco conosciuta, caratterizzata dalla crescita anomala e dall&#8217;accumulo in organi e tessuti di mastociti, un particolare tipo di cellule del sistema immunitario.<\/p>\n<p>Sono oltre 20 i possibili sintomi, a seconda degli organi coinvolti, spesso simili a quelli di altre patologie.<\/p>\n<p>Questa variet\u00e0 e la rarit\u00e0 della malattia ritardano il momento della diagnosi che arriva in media 3,5 anni dopo i primi sintomi.<\/p>\n<p>Far emergere il \u201csommerso\u201d e favorire l\u2019indirizzamento dei pazienti nei centri di riferimento per la presa in carico da parte di team multidisciplinari \u00e8 l\u2019obiettivo a cui lavora ASIMAS in sinergia con RIMA-Rete Italiana Mastocitosi, 22 Associazioni internazionali, mentre nuove molecole di precisione in grado di tenere sotto controllo la forma sistemica avanzata sono in sperimentazione o gi\u00e0 in approvazione.<\/p>\n<\/div>\n\t\t<\/div><div id=\"panel-5342-0-0-1\" class=\"so-panel widget widget_text\" data-index=\"1\" ><h3 class=\"widget-title\">Roma, 21 ottobre 2024<\/h3>\t\t\t<div class=\"textwidget\"><p>Tre minuti per raccontare anzi \u201cspiegare\u201d attraverso immagini e videografiche la Mastocitosi, una malattia rara, complessa e poco conosciuta, caratterizzata dalla crescita anomala e dall&#8217;accumulo in organi e tessuti di mastociti, un particolare tipo di cellule del sistema immunitario.<\/p>\n<p>\u00c8 l\u2019obiettivo di #Telospiego, il video educazionale ideato da ASIMAS \u2013 Associazione Italiana Mastocitosi e realizzato con il supporto non condizionante di Blueprint Medicines, presentato in occasione dell\u2019annuale Giornata Mondiale dedicata alla sensibilizzazione su questa patologia, che si celebra il 20 ottobre. Come ogni anno, in occasione della Giornata, monumenti e palazzi municipali di numerose citt\u00e0 italiane tra cui Torino, Brescia, Crema, Legnano, Bologna, Catania, Palermo, Taormina, Orzinuovi e altre, si sono illuminati di viola, il colore con cui i biologi tingono i mastociti per osservarli.<\/p>\n<p>Attraverso un originale mix di disegni stilizzati su fondo giallo, animazione, didascalie e voce narrante, il video racconta in 3 minuti cos\u2019\u00e8 la mastocitosi, cosa sono i mastociti, le cause, come si arriva alla diagnosi, a quale medico rivolgersi, come si cura e dove. Il video \u00e8 stato caricato sul canale Youtube di ASIMAS e ideato dello youtuber Sacha Dominis di Co Opera Multimedia, nell\u2019ambito della campagna di awareness \u201cMastocitosi? Te lo spiego\u201d, promossa da ASIMAS con il supporto non condizionante di Blueprint Medicines, ed \u00e8 visibile al link <a href=\"https:\/\/www.youtube.com\/watch?v=XE_krohgY4w\">https:\/\/www.youtube.com\/watch?v=XE_krohgY4w<\/a>.<\/p>\n<\/div>\n\t\t<\/div><div id=\"panel-5342-0-0-2\" class=\"so-panel widget widget_text\" data-index=\"2\" >\t\t\t<div class=\"textwidget\"><p><em>\u00ab Il compito di ASIMAS \u00e8 \u2018far emergere\u2019 le persone con mastocitosi non diagnosticata e questo obiettivo si pu\u00f2 raggiungere solo attraverso il riconoscimento dei sintomi che, nella forma sistemica, sono molteplici ed eterogenei in quanto possono coinvolgere organi diversi \u00bb<\/em> \u2013 dichiara la Presidente Patrizia Marcis. <em>\u00ab Altro importante obiettivo \u00e8 dare voce ai bisogni dei pazienti, in primis quelli di una diagnosi il pi\u00f9 possibile tempestiva e una presa in carico presso centri di riferimento dedicati. \u00bb<\/em><\/p>\n<\/div>\n\t\t<\/div><div id=\"panel-5342-0-0-3\" class=\"so-panel widget widget_text\" data-index=\"3\" >\t\t\t<div class=\"textwidget\"><p><em>\u00ab Il video #Telospiego, pensato con un taglio squisitamente educativo-informativo, nasce proprio da queste esigenze ed \u00e8 il punto di partenza di un grande lavoro di conoscenza e risonanza sulla mastocitosi che la nostra Associazione intende portare avanti e condividere con la RIMA-Rete Italiana Mastocitosi, le 22 Associazioni internazionali, i pazienti, i diversi specialisti che ruotano attorno ad una patologia tanto complessa. \u00c8 importante non lasciare soli i pazienti e sensibilizzare cittadini, medici, specialisti, istituzioni affinch\u00e9 i diritti di chi soffre a causa di questa malattia siano sempre pi\u00f9 tutelati \u00bb.<\/em><\/p>\n<\/div>\n\t\t<\/div><div id=\"panel-5342-0-0-4\" class=\"so-panel widget widget_text\" data-index=\"4\" >\t\t\t<div class=\"textwidget\"><p>La mastocitosi \u00e8 una malattia rara e assai eterogenea, dovuta alla presenza di una mutazione del gene KIT, la D816V, che genera la proliferazione incontrollata dei mastociti, cellule immunitarie diffuse nell\u2019organismo, che possono infiltrare e accumulare a livello della pelle e di altri organi come il tratto gastrointestinale, la milza, i linfonodi, il midollo osseo e cos\u00ec via.<\/p>\n<p>Due le forme principali: cutanea, che si manifesta con lesioni orticariformi nei primi anni di vita e che viene facilmente riconosciuta grazie al cosiddetto \u201csegno di Darier\u201d; sistemica, pi\u00f9 tipica dell\u2019adulto e persistente, con diversi gradi di severit\u00e0 che vanno dalle forme indolenti a quelle avanzate. In Italia sono circa 5.000 i pazienti con mastocitosi, non tutti diagnosticati: di questi il 10% \u00e8 affetto dalla forma sistemica avanzata, che pu\u00f2 manifestarsi con vari e numerosi sintomi, spesso simili a quelli di altre patologie, in funzione degli organi colpiti: prurito, orticaria, flushing (letteralmente \u2018prendere fuoco\u2019) o diarrea e dolori addominali, gastrite e ulcera, crisi ipotensive, osteoporosi con fratture da fragilit\u00e0 fino ad episodi di shock anafilattico. \u00c8 proprio a causa di questa variet\u00e0, e della rarit\u00e0 della malattia, che spesso sono necessari anni, in media 3,5, per ricevere una diagnosi corretta e ottenere un trattamento adeguato, che oggi \u00e8 sempre pi\u00f9 attuabile grazie all\u2019arrivo delle nuove terapie di precisione.<\/p>\n<\/div>\n\t\t<\/div><div id=\"panel-5342-0-0-5\" class=\"so-panel widget widget_text\" data-index=\"5\" >\t\t\t<div class=\"textwidget\"><p><em>\u00ab Il ritardo diagnostico in alcuni casi pu\u00f2 arrivare anche a 5-6 anni, ma si sta accorciando, anche grazie alla crescita delle conoscenze e dell\u2019interesse da parte dei clinici alla malattia e alla sua gestione<\/em> \u2013 sottolinea l\u2019ematologa Roberta Zanotti, Presidente della RIMA-Rete Italiana Mastocitosi. <em>Il punto cruciale \u00e8 la presa in carico del paziente presso un centro di riferimento per la diagnosi e cura della mastocitosi con il supporto di un team multispecialistico di esperienza, costituito da allergologo, ematologo, dermatologo, gastroenterologo e reumatologo. Ma fondamentale \u00e8 anche il coinvolgimento del medico di Medicina generale, che deve essere informato sulla patologia per poter indirizzare un possibile paziente al centro di riferimento, anche alla luce dei progressi della ricerca. Il trattamento della mastocitosi sistemica include farmaci tradizionali per controllare i sintomi (i cosiddetti anti-mediatori come gli antistaminici) che sono utilizzati prevalentemente nelle forme indolenti; per le forme avanzate, oltre ai chemioterapici, sono disponibili oggi farmaci inibitori delle tirosin-kinasi, particolarmente efficaci nell\u2019inibire le cellule con mutazione di KIT, in grado di portare in taluni casi anche ad una remissione duratura di malattia. Pi\u00f9 di recente \u00e8 stato approvato dall\u2019Agenzia Europea dei Medicinali (EMA) l\u2019utilizzo nella malattia sistemica indolente di uno degli inibitori delle tirosin kinasi, che agendo in modo mirato sulla mutazione genica KIT \u00e8 in grado di \u2018spegnere\u2019 i sintomi resistenti alla terapia tradizionale. Inoltre, sono in fase di studio molecole che agiscono su altri meccanismi molecolari e i primi dati si stanno rivelando promettenti \u00bb.<\/em><\/p>\n<\/div>\n\t\t<\/div><div id=\"panel-5342-0-0-6\" class=\"so-panel widget widget_text\" data-index=\"6\" >\t\t\t<div class=\"textwidget\"><p>Fondamentale \u00e8 dunque la collaborazione tra centri di riferimento, medici, Associazioni dei pazienti e Aziende con RIMA per accrescere la risonanza intorno a questa patologia e favorire la creazione di team multidisciplinari dedicati. In questa chiave, la campagna di comunicazione promossa da ASIMAS proseguir\u00e0 nei prossimi mesi sui canali social per accrescere l\u2019awareness sulla mastocitosi, in particolare sulla forma sistemica, pi\u00f9 difficile da identificare in quanto le sue manifestazioni cliniche richiedono una lettura a 360 gradi da parte degli specialisti che va oltre il singolo sintomo-organo correlato.<\/p>\n<\/div>\n\t\t<\/div><div id=\"panel-5342-0-0-7\" class=\"so-panel widget widget_text\" data-index=\"7\" >\t\t\t<div class=\"textwidget\"><p><a href=\"https:\/\/www.asimas.it\/new_asimas\/comunicato_stampa_20_ottobre_2024_asimas\/\" target=\"_blank\" rel=\"noopener\">CLICCA QUI PER VISUALIZZARE IL COMUNICATO STAMPA UFFICIALE &gt;&gt;<\/a><\/p>\n<\/div>\n\t\t<\/div><div id=\"panel-5342-0-0-8\" class=\"so-panel widget widget_text panel-last-child\" data-index=\"8\" >\t\t\t<div class=\"textwidget\"><\/div>\n\t\t<\/div><\/div><\/div><\/div>","protected":false},"excerpt":{"rendered":"<p>\u201cMastocitosi? Te lo spiego\u201d \u00e8 il video lanciato da ASIMAS \u2013 Associazione Italiana Mastocitosi in occasione della Giornata Mondiale dedicata alla malattia, realizzato con il supporto non condizionante di Blueprint [&hellip;]<\/p>\n","protected":false},"author":1,"featured_media":0,"comment_status":"closed","ping_status":"open","sticky":false,"template":"","format":"standard","meta":[],"categories":[23,2],"tags":[],"yoast_head":"<!-- This site is optimized with the Yoast SEO plugin v18.4.1 - https:\/\/yoast.com\/wordpress\/plugins\/seo\/ -->\r\n<title>Comunicato Stampa Asimas - Giornata Mondiale della Mastocitosi - Asimas<\/title>\r\n<meta name=\"robots\" content=\"noindex, follow\" \/>\r\n<meta property=\"og:locale\" content=\"it_IT\" \/>\r\n<meta property=\"og:type\" content=\"article\" \/>\r\n<meta property=\"og:title\" content=\"Comunicato Stampa Asimas - Giornata Mondiale della Mastocitosi - Asimas\" \/>\r\n<meta property=\"og:description\" content=\"\u201cMastocitosi? Te lo spiego\u201d \u00e8 il video lanciato da ASIMAS \u2013 Associazione Italiana Mastocitosi in occasione della Giornata Mondiale dedicata alla malattia, realizzato con il supporto non condizionante di Blueprint [&hellip;]\" \/>\r\n<meta property=\"og:url\" content=\"http:\/\/www.asimas.it\/new_asimas\/comunicato-stampa-asimas-giornata-mondiale-della-mastocitosi\/\" \/>\r\n<meta property=\"og:site_name\" content=\"Asimas\" \/>\r\n<meta property=\"article:published_time\" content=\"2024-10-24T12:34:59+00:00\" \/>\r\n<meta property=\"article:modified_time\" content=\"2024-10-24T12:48:27+00:00\" \/>\r\n<meta name=\"twitter:card\" content=\"summary_large_image\" \/>\r\n<meta name=\"twitter:label1\" content=\"Scritto da\" \/>\n\t<meta name=\"twitter:data1\" content=\"Dani\" \/>\n\t<meta name=\"twitter:label2\" content=\"Tempo di lettura stimato\" \/>\n\t<meta name=\"twitter:data2\" content=\"6 minuti\" \/>\r\n<script type=\"application\/ld+json\" class=\"yoast-schema-graph\">{\"@context\":\"https:\/\/schema.org\",\"@graph\":[{\"@type\":\"Organization\",\"@id\":\"https:\/\/www.asimas.it\/new_asimas\/#organization\",\"name\":\"ASIMAS - Associazione Italiana Mastocitosi\",\"url\":\"https:\/\/www.asimas.it\/new_asimas\/\",\"sameAs\":[],\"logo\":{\"@type\":\"ImageObject\",\"@id\":\"https:\/\/www.asimas.it\/new_asimas\/#logo\",\"inLanguage\":\"it-IT\",\"url\":\"https:\/\/www.asimas.it\/new_asimas\/wp-content\/uploads\/2019\/04\/logo-asimas.png\",\"contentUrl\":\"https:\/\/www.asimas.it\/new_asimas\/wp-content\/uploads\/2019\/04\/logo-asimas.png\",\"width\":240,\"height\":240,\"caption\":\"ASIMAS - Associazione Italiana Mastocitosi\"},\"image\":{\"@id\":\"https:\/\/www.asimas.it\/new_asimas\/#logo\"}},{\"@type\":\"WebSite\",\"@id\":\"https:\/\/www.asimas.it\/new_asimas\/#website\",\"url\":\"https:\/\/www.asimas.it\/new_asimas\/\",\"name\":\"Asimas\",\"description\":\"Associazione Italiana Mastocitosi\",\"publisher\":{\"@id\":\"https:\/\/www.asimas.it\/new_asimas\/#organization\"},\"potentialAction\":[{\"@type\":\"SearchAction\",\"target\":{\"@type\":\"EntryPoint\",\"urlTemplate\":\"https:\/\/www.asimas.it\/new_asimas\/?s={search_term_string}\"},\"query-input\":\"required name=search_term_string\"}],\"inLanguage\":\"it-IT\"},{\"@type\":\"WebPage\",\"@id\":\"http:\/\/www.asimas.it\/new_asimas\/comunicato-stampa-asimas-giornata-mondiale-della-mastocitosi\/#webpage\",\"url\":\"http:\/\/www.asimas.it\/new_asimas\/comunicato-stampa-asimas-giornata-mondiale-della-mastocitosi\/\",\"name\":\"Comunicato Stampa Asimas - Giornata Mondiale della Mastocitosi - Asimas\",\"isPartOf\":{\"@id\":\"https:\/\/www.asimas.it\/new_asimas\/#website\"},\"datePublished\":\"2024-10-24T12:34:59+00:00\",\"dateModified\":\"2024-10-24T12:48:27+00:00\",\"breadcrumb\":{\"@id\":\"http:\/\/www.asimas.it\/new_asimas\/comunicato-stampa-asimas-giornata-mondiale-della-mastocitosi\/#breadcrumb\"},\"inLanguage\":\"it-IT\",\"potentialAction\":[{\"@type\":\"ReadAction\",\"target\":[\"http:\/\/www.asimas.it\/new_asimas\/comunicato-stampa-asimas-giornata-mondiale-della-mastocitosi\/\"]}]},{\"@type\":\"BreadcrumbList\",\"@id\":\"http:\/\/www.asimas.it\/new_asimas\/comunicato-stampa-asimas-giornata-mondiale-della-mastocitosi\/#breadcrumb\",\"itemListElement\":[{\"@type\":\"ListItem\",\"position\":1,\"name\":\"Home\",\"item\":\"https:\/\/www.asimas.it\/new_asimas\/\"},{\"@type\":\"ListItem\",\"position\":2,\"name\":\"Comunicato Stampa Asimas &#8211; Giornata Mondiale della Mastocitosi\"}]},{\"@type\":\"Article\",\"@id\":\"http:\/\/www.asimas.it\/new_asimas\/comunicato-stampa-asimas-giornata-mondiale-della-mastocitosi\/#article\",\"isPartOf\":{\"@id\":\"http:\/\/www.asimas.it\/new_asimas\/comunicato-stampa-asimas-giornata-mondiale-della-mastocitosi\/#webpage\"},\"author\":{\"@id\":\"https:\/\/www.asimas.it\/new_asimas\/#\/schema\/person\/f4cff0d0946e80b069d013531ab38b84\"},\"headline\":\"Comunicato Stampa Asimas &#8211; Giornata Mondiale della Mastocitosi\",\"datePublished\":\"2024-10-24T12:34:59+00:00\",\"dateModified\":\"2024-10-24T12:48:27+00:00\",\"mainEntityOfPage\":{\"@id\":\"http:\/\/www.asimas.it\/new_asimas\/comunicato-stampa-asimas-giornata-mondiale-della-mastocitosi\/#webpage\"},\"wordCount\":1121,\"publisher\":{\"@id\":\"https:\/\/www.asimas.it\/new_asimas\/#organization\"},\"articleSection\":[\"2024\",\"News\"],\"inLanguage\":\"it-IT\"},{\"@type\":\"Person\",\"@id\":\"https:\/\/www.asimas.it\/new_asimas\/#\/schema\/person\/f4cff0d0946e80b069d013531ab38b84\",\"name\":\"Dani\",\"image\":{\"@type\":\"ImageObject\",\"@id\":\"https:\/\/www.asimas.it\/new_asimas\/#personlogo\",\"inLanguage\":\"it-IT\",\"url\":\"http:\/\/0.gravatar.com\/avatar\/c03fe6a88949b182e89f15f862f46000?s=96&d=mm&r=g\",\"contentUrl\":\"http:\/\/0.gravatar.com\/avatar\/c03fe6a88949b182e89f15f862f46000?s=96&d=mm&r=g\",\"caption\":\"Dani\"},\"url\":\"http:\/\/www.asimas.it\/new_asimas\/author\/admin\/\"}]}<\/script>\r\n<!-- \/ Yoast SEO plugin. -->","yoast_head_json":{"title":"Comunicato Stampa Asimas - Giornata Mondiale della Mastocitosi - Asimas","robots":{"index":"noindex","follow":"follow"},"og_locale":"it_IT","og_type":"article","og_title":"Comunicato Stampa Asimas - Giornata Mondiale della Mastocitosi - Asimas","og_description":"\u201cMastocitosi? Te lo spiego\u201d \u00e8 il video lanciato da ASIMAS \u2013 Associazione Italiana Mastocitosi in occasione della Giornata Mondiale dedicata alla malattia, realizzato con il supporto non condizionante di Blueprint [&hellip;]","og_url":"http:\/\/www.asimas.it\/new_asimas\/comunicato-stampa-asimas-giornata-mondiale-della-mastocitosi\/","og_site_name":"Asimas","article_published_time":"2024-10-24T12:34:59+00:00","article_modified_time":"2024-10-24T12:48:27+00:00","twitter_card":"summary_large_image","twitter_misc":{"Scritto da":"Dani","Tempo di lettura stimato":"6 minuti"},"schema":{"@context":"https:\/\/schema.org","@graph":[{"@type":"Organization","@id":"https:\/\/www.asimas.it\/new_asimas\/#organization","name":"ASIMAS - Associazione Italiana Mastocitosi","url":"https:\/\/www.asimas.it\/new_asimas\/","sameAs":[],"logo":{"@type":"ImageObject","@id":"https:\/\/www.asimas.it\/new_asimas\/#logo","inLanguage":"it-IT","url":"https:\/\/www.asimas.it\/new_asimas\/wp-content\/uploads\/2019\/04\/logo-asimas.png","contentUrl":"https:\/\/www.asimas.it\/new_asimas\/wp-content\/uploads\/2019\/04\/logo-asimas.png","width":240,"height":240,"caption":"ASIMAS - Associazione Italiana Mastocitosi"},"image":{"@id":"https:\/\/www.asimas.it\/new_asimas\/#logo"}},{"@type":"WebSite","@id":"https:\/\/www.asimas.it\/new_asimas\/#website","url":"https:\/\/www.asimas.it\/new_asimas\/","name":"Asimas","description":"Associazione Italiana Mastocitosi","publisher":{"@id":"https:\/\/www.asimas.it\/new_asimas\/#organization"},"potentialAction":[{"@type":"SearchAction","target":{"@type":"EntryPoint","urlTemplate":"https:\/\/www.asimas.it\/new_asimas\/?s={search_term_string}"},"query-input":"required name=search_term_string"}],"inLanguage":"it-IT"},{"@type":"WebPage","@id":"http:\/\/www.asimas.it\/new_asimas\/comunicato-stampa-asimas-giornata-mondiale-della-mastocitosi\/#webpage","url":"http:\/\/www.asimas.it\/new_asimas\/comunicato-stampa-asimas-giornata-mondiale-della-mastocitosi\/","name":"Comunicato Stampa Asimas - Giornata Mondiale della Mastocitosi - Asimas","isPartOf":{"@id":"https:\/\/www.asimas.it\/new_asimas\/#website"},"datePublished":"2024-10-24T12:34:59+00:00","dateModified":"2024-10-24T12:48:27+00:00","breadcrumb":{"@id":"http:\/\/www.asimas.it\/new_asimas\/comunicato-stampa-asimas-giornata-mondiale-della-mastocitosi\/#breadcrumb"},"inLanguage":"it-IT","potentialAction":[{"@type":"ReadAction","target":["http:\/\/www.asimas.it\/new_asimas\/comunicato-stampa-asimas-giornata-mondiale-della-mastocitosi\/"]}]},{"@type":"BreadcrumbList","@id":"http:\/\/www.asimas.it\/new_asimas\/comunicato-stampa-asimas-giornata-mondiale-della-mastocitosi\/#breadcrumb","itemListElement":[{"@type":"ListItem","position":1,"name":"Home","item":"https:\/\/www.asimas.it\/new_asimas\/"},{"@type":"ListItem","position":2,"name":"Comunicato Stampa Asimas &#8211; Giornata Mondiale della Mastocitosi"}]},{"@type":"Article","@id":"http:\/\/www.asimas.it\/new_asimas\/comunicato-stampa-asimas-giornata-mondiale-della-mastocitosi\/#article","isPartOf":{"@id":"http:\/\/www.asimas.it\/new_asimas\/comunicato-stampa-asimas-giornata-mondiale-della-mastocitosi\/#webpage"},"author":{"@id":"https:\/\/www.asimas.it\/new_asimas\/#\/schema\/person\/f4cff0d0946e80b069d013531ab38b84"},"headline":"Comunicato Stampa Asimas &#8211; Giornata Mondiale della Mastocitosi","datePublished":"2024-10-24T12:34:59+00:00","dateModified":"2024-10-24T12:48:27+00:00","mainEntityOfPage":{"@id":"http:\/\/www.asimas.it\/new_asimas\/comunicato-stampa-asimas-giornata-mondiale-della-mastocitosi\/#webpage"},"wordCount":1121,"publisher":{"@id":"https:\/\/www.asimas.it\/new_asimas\/#organization"},"articleSection":["2024","News"],"inLanguage":"it-IT"},{"@type":"Person","@id":"https:\/\/www.asimas.it\/new_asimas\/#\/schema\/person\/f4cff0d0946e80b069d013531ab38b84","name":"Dani","image":{"@type":"ImageObject","@id":"https:\/\/www.asimas.it\/new_asimas\/#personlogo","inLanguage":"it-IT","url":"http:\/\/0.gravatar.com\/avatar\/c03fe6a88949b182e89f15f862f46000?s=96&d=mm&r=g","contentUrl":"http:\/\/0.gravatar.com\/avatar\/c03fe6a88949b182e89f15f862f46000?s=96&d=mm&r=g","caption":"Dani"},"url":"http:\/\/www.asimas.it\/new_asimas\/author\/admin\/"}]}},"_links":{"self":[{"href":"http:\/\/www.asimas.it\/new_asimas\/wp-json\/wp\/v2\/posts\/5342"}],"collection":[{"href":"http:\/\/www.asimas.it\/new_asimas\/wp-json\/wp\/v2\/posts"}],"about":[{"href":"http:\/\/www.asimas.it\/new_asimas\/wp-json\/wp\/v2\/types\/post"}],"author":[{"embeddable":true,"href":"http:\/\/www.asimas.it\/new_asimas\/wp-json\/wp\/v2\/users\/1"}],"replies":[{"embeddable":true,"href":"http:\/\/www.asimas.it\/new_asimas\/wp-json\/wp\/v2\/comments?post=5342"}],"version-history":[{"count":5,"href":"http:\/\/www.asimas.it\/new_asimas\/wp-json\/wp\/v2\/posts\/5342\/revisions"}],"predecessor-version":[{"id":5348,"href":"http:\/\/www.asimas.it\/new_asimas\/wp-json\/wp\/v2\/posts\/5342\/revisions\/5348"}],"wp:attachment":[{"href":"http:\/\/www.asimas.it\/new_asimas\/wp-json\/wp\/v2\/media?parent=5342"}],"wp:term":[{"taxonomy":"category","embeddable":true,"href":"http:\/\/www.asimas.it\/new_asimas\/wp-json\/wp\/v2\/categories?post=5342"},{"taxonomy":"post_tag","embeddable":true,"href":"http:\/\/www.asimas.it\/new_asimas\/wp-json\/wp\/v2\/tags?post=5342"}],"curies":[{"name":"wp","href":"https:\/\/api.w.org\/{rel}","templated":true}]}}