{"id":5093,"date":"2024-10-03T14:35:33","date_gmt":"2024-10-03T12:35:33","guid":{"rendered":"https:\/\/www.asimas.it\/new_asimas\/?p=5093"},"modified":"2024-10-08T13:13:02","modified_gmt":"2024-10-08T11:13:02","slug":"la-mastocitosi-sistemica-le-basi-per-un-approccio-integrato-e-multidisciplinare","status":"publish","type":"post","link":"http:\/\/www.asimas.it\/new_asimas\/la-mastocitosi-sistemica-le-basi-per-un-approccio-integrato-e-multidisciplinare\/","title":{"rendered":"La mastocitosi sistemica: le basi per un approccio integrato e multidisciplinare"},"content":{"rendered":"<div id=\"pl-5093\"  class=\"panel-layout\" ><div id=\"pg-5093-0\"  class=\"panel-grid panel-no-style\" ><div id=\"pgc-5093-0-0\"  class=\"panel-grid-cell\" ><div id=\"panel-5093-0-0-0\" class=\"so-panel widget widget_text panel-first-child\" data-index=\"0\" >\t\t\t<div class=\"textwidget\"><p style=\"color: red;\">Importante: questo appuntamento \u00e8 dedicato ai medici, pertanto non sono aperti ai pazienti! Vi avviseremo, invece, non appena ci saranno date aperte anche per i pazienti e familiari, grazie!<\/p>\n<\/div>\n\t\t<\/div><div id=\"panel-5093-0-0-1\" class=\"so-panel widget widget_text panel-last-child\" data-index=\"1\" >\t\t\t<div class=\"textwidget\"><p class=\"p1\"><b>Pavia \u2013 Collegio Ghislieri \u2013 16 novembre 2024<\/b><\/p>\n<p>&nbsp;<\/p>\n<p>Un importante incontro scientifico che si svolge a Pavia, con l\u2019obiettivo di approfondire la mastocitosi, un disordine clonale raro caratterizzato dall&#8217;accumulo di mastociti in vari organi e tessuti. Questo evento mira a ottimizzare l&#8217;approccio diagnostico e terapeutico nella gestione di questa patologia, nell&#8217;era della medicina di precisione.<\/p>\n<h3><\/h3>\n<h3>Dettagli del Programma<\/h3>\n<p>La giornata inizier\u00e0 con la registrazione dei partecipanti e i saluti introduttivi della Dott.ssa C. Elena.<\/p>\n<h4><\/h4>\n<h4>SESSIONE 1: La Diagnosi di Mastocitosi<\/h4>\n<p>Moderatori:<\/p>\n<ul style=\"color: #000;\">\n<li><strong>09:00-09:20<\/strong>: &#8220;La classificazione e i nuovi criteri diagnostici&#8221; \u2013 Dott. E. Bono<\/li>\n<li><strong>09:20-09:40<\/strong>: &#8220;Il ruolo dell\u2019anatomopatologo&#8221; \u2013 Dott. E. Boveri<\/li>\n<li><strong>09:40-10:10<\/strong>: &#8220;La genetica molecolare: KIT e non solo&#8221; \u2013 Dott. D. Pietra<\/li>\n<li><strong>10:10-10:30<\/strong>: Discussione<\/li>\n<li><strong>10:30-11:00<\/strong>: Coffee Break<\/li>\n<\/ul>\n<h4><\/h4>\n<h4>SESSIONE 2: Eterogeneit\u00e0 ed Approccio Clinico<\/h4>\n<p>Moderatori:<\/p>\n<ul style=\"color: #000;\">\n<li><strong>11:00-11:25<\/strong>: &#8220;Anafilassi e mastocitosi&#8221; \u2013 Dott. S. Merli<\/li>\n<li><strong>11:25-11:45<\/strong>: &#8220;Le complicanze ossee nella mastocitosi: diagnosi e trattamento&#8221; \u2013 Dott. M. Di Stefano<\/li>\n<li><strong>11:45-12:05<\/strong>: &#8220;Aspetti cutanei della mastocitosi: quando la cute suggerisce la diagnosi&#8221; \u2013 Dott.ssa Isoietta<\/li>\n<li><strong>12:25-12:45<\/strong>: &#8220;L\u2019esperienza multidisciplinare del GISM&#8221; \u2013 Dott. R. Zanotti<\/li>\n<li><strong>12:45-13:00<\/strong>: Discussione<\/li>\n<li><strong>13:00-14:00<\/strong>: Lunch Break<\/li>\n<\/ul>\n<h4><\/h4>\n<h4>SESSIONE 3: Le Strategie Terapeutiche<\/h4>\n<p>Moderatori:<\/p>\n<ul style=\"color: #000;\">\n<li><strong>14:00-14:30<\/strong>: &#8220;Hyper Alpha Tryptasemia&#8221; \u2013 Dott. A. Orfao (Salamanca, Spagna)<\/li>\n<li><strong>14:30-14:50<\/strong>: &#8220;La mastocitosi in et\u00e0 pediatrica: approccio clinico e terapeutico&#8221; \u2013 Dott. G. Bossi<\/li>\n<li><strong>14:50-15:10<\/strong>: &#8220;La terapia nella mastocitosi indolente: stato dell\u2019arte e nuovi approcci&#8221; \u2013 Dott. C.M. Rossi<\/li>\n<li><strong>15:10-15:30<\/strong>: &#8220;Approccio terapeutico nelle mastocitosi avanzate&#8221; \u2013 Dott. J. Ferrari<\/li>\n<li><strong>15:30-15:40<\/strong>: Caso clinico 1<\/li>\n<li><strong>15:40-15:50<\/strong>: Caso clinico 2<\/li>\n<li><strong>15:50-16:00<\/strong>: Discussione<\/li>\n<li><strong>16:00-17:45<\/strong>: Tavola Rotonda: &#8220;Diversi ruoli a confronto&#8221; con vari esperti<\/li>\n<li><strong>17:45-18:00<\/strong>: Conclusione dei lavori e verifica degli obiettivi formativi<\/li>\n<\/ul>\n<h3><\/h3>\n<h3>Razionale del Corso<\/h3>\n<p>La mastocitosi sistemica \u00e8 caratterizzata da un abnorme accumulo di mastociti e presenta una vasta eterogeneit\u00e0 clinica. Questa malattia rara pu\u00f2 manifestarsi in forme asintomatiche fino a compromettere gravemente la funzione d\u2019organo. La recente introduzione di terapie target ha migliorato significativamente l&#8217;outcome dei pazienti, sottolineando l&#8217;importanza di un expertise specialistica in tutte le fasi della gestione clinica.<\/p>\n<p>&nbsp;<\/p>\n<h3>Accreditamento ECM<\/h3>\n<p>L&#8217;evento \u00e8 in attesa di accreditamento per 80 partecipanti e offrir\u00e0 crediti ECM validi su tutto il territorio nazionale. Sar\u00e0 necessario superare un test di apprendimento per ricevere i crediti.<\/p>\n<p>&nbsp;<\/p>\n<p><a href=\"https:\/\/www.asimas.it\/new_asimas\/programma_scientifico_pavia_emat_24\/\">VISUALIZZA IL DOCUMENTO CON TUTTI I DETTAGLI &gt;&gt;&gt;<\/a><\/p>\n<\/div>\n\t\t<\/div><\/div><\/div><\/div>","protected":false},"excerpt":{"rendered":"<p>Importante: questo appuntamento \u00e8 dedicato ai medici, pertanto non sono aperti ai pazienti! Vi avviseremo, invece, non appena ci saranno date aperte anche per i pazienti e familiari, grazie! Pavia [&hellip;]<\/p>\n","protected":false},"author":1,"featured_media":0,"comment_status":"closed","ping_status":"open","sticky":false,"template":"","format":"standard","meta":[],"categories":[23,2],"tags":[],"yoast_head":"<!-- This site is optimized with the Yoast SEO plugin v18.4.1 - https:\/\/yoast.com\/wordpress\/plugins\/seo\/ -->\r\n<title>La mastocitosi sistemica: le basi per un approccio integrato e multidisciplinare - Asimas<\/title>\r\n<meta name=\"robots\" content=\"noindex, follow\" \/>\r\n<meta property=\"og:locale\" content=\"it_IT\" \/>\r\n<meta property=\"og:type\" content=\"article\" \/>\r\n<meta property=\"og:title\" content=\"La mastocitosi sistemica: le basi per un approccio integrato e multidisciplinare - Asimas\" \/>\r\n<meta property=\"og:description\" content=\"Importante: questo appuntamento \u00e8 dedicato ai medici, pertanto non sono aperti ai pazienti! Vi avviseremo, invece, non appena ci saranno date aperte anche per i pazienti e familiari, grazie! Pavia [&hellip;]\" \/>\r\n<meta property=\"og:url\" content=\"https:\/\/www.asimas.it\/new_asimas\/la-mastocitosi-sistemica-le-basi-per-un-approccio-integrato-e-multidisciplinare\/\" \/>\r\n<meta property=\"og:site_name\" content=\"Asimas\" \/>\r\n<meta property=\"article:published_time\" content=\"2024-10-03T12:35:33+00:00\" \/>\r\n<meta property=\"article:modified_time\" content=\"2024-10-08T11:13:02+00:00\" \/>\r\n<meta name=\"twitter:card\" content=\"summary_large_image\" \/>\r\n<meta name=\"twitter:label1\" content=\"Scritto da\" \/>\n\t<meta name=\"twitter:data1\" content=\"Dani\" \/>\n\t<meta name=\"twitter:label2\" content=\"Tempo di lettura stimato\" \/>\n\t<meta name=\"twitter:data2\" content=\"2 minuti\" \/>\r\n<script type=\"application\/ld+json\" class=\"yoast-schema-graph\">{\"@context\":\"https:\/\/schema.org\",\"@graph\":[{\"@type\":\"Organization\",\"@id\":\"https:\/\/www.asimas.it\/new_asimas\/#organization\",\"name\":\"ASIMAS - Associazione Italiana Mastocitosi\",\"url\":\"https:\/\/www.asimas.it\/new_asimas\/\",\"sameAs\":[],\"logo\":{\"@type\":\"ImageObject\",\"@id\":\"https:\/\/www.asimas.it\/new_asimas\/#logo\",\"inLanguage\":\"it-IT\",\"url\":\"https:\/\/www.asimas.it\/new_asimas\/wp-content\/uploads\/2019\/04\/logo-asimas.png\",\"contentUrl\":\"https:\/\/www.asimas.it\/new_asimas\/wp-content\/uploads\/2019\/04\/logo-asimas.png\",\"width\":240,\"height\":240,\"caption\":\"ASIMAS - Associazione Italiana Mastocitosi\"},\"image\":{\"@id\":\"https:\/\/www.asimas.it\/new_asimas\/#logo\"}},{\"@type\":\"WebSite\",\"@id\":\"https:\/\/www.asimas.it\/new_asimas\/#website\",\"url\":\"https:\/\/www.asimas.it\/new_asimas\/\",\"name\":\"Asimas\",\"description\":\"Associazione Italiana Mastocitosi\",\"publisher\":{\"@id\":\"https:\/\/www.asimas.it\/new_asimas\/#organization\"},\"potentialAction\":[{\"@type\":\"SearchAction\",\"target\":{\"@type\":\"EntryPoint\",\"urlTemplate\":\"https:\/\/www.asimas.it\/new_asimas\/?s={search_term_string}\"},\"query-input\":\"required name=search_term_string\"}],\"inLanguage\":\"it-IT\"},{\"@type\":\"WebPage\",\"@id\":\"https:\/\/www.asimas.it\/new_asimas\/la-mastocitosi-sistemica-le-basi-per-un-approccio-integrato-e-multidisciplinare\/#webpage\",\"url\":\"https:\/\/www.asimas.it\/new_asimas\/la-mastocitosi-sistemica-le-basi-per-un-approccio-integrato-e-multidisciplinare\/\",\"name\":\"La mastocitosi sistemica: le basi per un approccio integrato e multidisciplinare - Asimas\",\"isPartOf\":{\"@id\":\"https:\/\/www.asimas.it\/new_asimas\/#website\"},\"datePublished\":\"2024-10-03T12:35:33+00:00\",\"dateModified\":\"2024-10-08T11:13:02+00:00\",\"breadcrumb\":{\"@id\":\"https:\/\/www.asimas.it\/new_asimas\/la-mastocitosi-sistemica-le-basi-per-un-approccio-integrato-e-multidisciplinare\/#breadcrumb\"},\"inLanguage\":\"it-IT\",\"potentialAction\":[{\"@type\":\"ReadAction\",\"target\":[\"https:\/\/www.asimas.it\/new_asimas\/la-mastocitosi-sistemica-le-basi-per-un-approccio-integrato-e-multidisciplinare\/\"]}]},{\"@type\":\"BreadcrumbList\",\"@id\":\"https:\/\/www.asimas.it\/new_asimas\/la-mastocitosi-sistemica-le-basi-per-un-approccio-integrato-e-multidisciplinare\/#breadcrumb\",\"itemListElement\":[{\"@type\":\"ListItem\",\"position\":1,\"name\":\"Home\",\"item\":\"https:\/\/www.asimas.it\/new_asimas\/\"},{\"@type\":\"ListItem\",\"position\":2,\"name\":\"La mastocitosi sistemica: le basi per un approccio integrato e multidisciplinare\"}]},{\"@type\":\"Article\",\"@id\":\"https:\/\/www.asimas.it\/new_asimas\/la-mastocitosi-sistemica-le-basi-per-un-approccio-integrato-e-multidisciplinare\/#article\",\"isPartOf\":{\"@id\":\"https:\/\/www.asimas.it\/new_asimas\/la-mastocitosi-sistemica-le-basi-per-un-approccio-integrato-e-multidisciplinare\/#webpage\"},\"author\":{\"@id\":\"https:\/\/www.asimas.it\/new_asimas\/#\/schema\/person\/f4cff0d0946e80b069d013531ab38b84\"},\"headline\":\"La mastocitosi sistemica: le basi per un approccio integrato e multidisciplinare\",\"datePublished\":\"2024-10-03T12:35:33+00:00\",\"dateModified\":\"2024-10-08T11:13:02+00:00\",\"mainEntityOfPage\":{\"@id\":\"https:\/\/www.asimas.it\/new_asimas\/la-mastocitosi-sistemica-le-basi-per-un-approccio-integrato-e-multidisciplinare\/#webpage\"},\"wordCount\":394,\"publisher\":{\"@id\":\"https:\/\/www.asimas.it\/new_asimas\/#organization\"},\"articleSection\":[\"2024\",\"News\"],\"inLanguage\":\"it-IT\"},{\"@type\":\"Person\",\"@id\":\"https:\/\/www.asimas.it\/new_asimas\/#\/schema\/person\/f4cff0d0946e80b069d013531ab38b84\",\"name\":\"Dani\",\"image\":{\"@type\":\"ImageObject\",\"@id\":\"https:\/\/www.asimas.it\/new_asimas\/#personlogo\",\"inLanguage\":\"it-IT\",\"url\":\"http:\/\/0.gravatar.com\/avatar\/c03fe6a88949b182e89f15f862f46000?s=96&d=mm&r=g\",\"contentUrl\":\"http:\/\/0.gravatar.com\/avatar\/c03fe6a88949b182e89f15f862f46000?s=96&d=mm&r=g\",\"caption\":\"Dani\"},\"url\":\"http:\/\/www.asimas.it\/new_asimas\/author\/admin\/\"}]}<\/script>\r\n<!-- \/ Yoast SEO plugin. -->","yoast_head_json":{"title":"La mastocitosi sistemica: le basi per un approccio integrato e multidisciplinare - Asimas","robots":{"index":"noindex","follow":"follow"},"og_locale":"it_IT","og_type":"article","og_title":"La mastocitosi sistemica: le basi per un approccio integrato e multidisciplinare - Asimas","og_description":"Importante: questo appuntamento \u00e8 dedicato ai medici, pertanto non sono aperti ai pazienti! Vi avviseremo, invece, non appena ci saranno date aperte anche per i pazienti e familiari, grazie! Pavia [&hellip;]","og_url":"https:\/\/www.asimas.it\/new_asimas\/la-mastocitosi-sistemica-le-basi-per-un-approccio-integrato-e-multidisciplinare\/","og_site_name":"Asimas","article_published_time":"2024-10-03T12:35:33+00:00","article_modified_time":"2024-10-08T11:13:02+00:00","twitter_card":"summary_large_image","twitter_misc":{"Scritto da":"Dani","Tempo di lettura stimato":"2 minuti"},"schema":{"@context":"https:\/\/schema.org","@graph":[{"@type":"Organization","@id":"https:\/\/www.asimas.it\/new_asimas\/#organization","name":"ASIMAS - Associazione Italiana Mastocitosi","url":"https:\/\/www.asimas.it\/new_asimas\/","sameAs":[],"logo":{"@type":"ImageObject","@id":"https:\/\/www.asimas.it\/new_asimas\/#logo","inLanguage":"it-IT","url":"https:\/\/www.asimas.it\/new_asimas\/wp-content\/uploads\/2019\/04\/logo-asimas.png","contentUrl":"https:\/\/www.asimas.it\/new_asimas\/wp-content\/uploads\/2019\/04\/logo-asimas.png","width":240,"height":240,"caption":"ASIMAS - Associazione Italiana Mastocitosi"},"image":{"@id":"https:\/\/www.asimas.it\/new_asimas\/#logo"}},{"@type":"WebSite","@id":"https:\/\/www.asimas.it\/new_asimas\/#website","url":"https:\/\/www.asimas.it\/new_asimas\/","name":"Asimas","description":"Associazione Italiana Mastocitosi","publisher":{"@id":"https:\/\/www.asimas.it\/new_asimas\/#organization"},"potentialAction":[{"@type":"SearchAction","target":{"@type":"EntryPoint","urlTemplate":"https:\/\/www.asimas.it\/new_asimas\/?s={search_term_string}"},"query-input":"required name=search_term_string"}],"inLanguage":"it-IT"},{"@type":"WebPage","@id":"https:\/\/www.asimas.it\/new_asimas\/la-mastocitosi-sistemica-le-basi-per-un-approccio-integrato-e-multidisciplinare\/#webpage","url":"https:\/\/www.asimas.it\/new_asimas\/la-mastocitosi-sistemica-le-basi-per-un-approccio-integrato-e-multidisciplinare\/","name":"La mastocitosi sistemica: le basi per un approccio integrato e multidisciplinare - Asimas","isPartOf":{"@id":"https:\/\/www.asimas.it\/new_asimas\/#website"},"datePublished":"2024-10-03T12:35:33+00:00","dateModified":"2024-10-08T11:13:02+00:00","breadcrumb":{"@id":"https:\/\/www.asimas.it\/new_asimas\/la-mastocitosi-sistemica-le-basi-per-un-approccio-integrato-e-multidisciplinare\/#breadcrumb"},"inLanguage":"it-IT","potentialAction":[{"@type":"ReadAction","target":["https:\/\/www.asimas.it\/new_asimas\/la-mastocitosi-sistemica-le-basi-per-un-approccio-integrato-e-multidisciplinare\/"]}]},{"@type":"BreadcrumbList","@id":"https:\/\/www.asimas.it\/new_asimas\/la-mastocitosi-sistemica-le-basi-per-un-approccio-integrato-e-multidisciplinare\/#breadcrumb","itemListElement":[{"@type":"ListItem","position":1,"name":"Home","item":"https:\/\/www.asimas.it\/new_asimas\/"},{"@type":"ListItem","position":2,"name":"La mastocitosi sistemica: le basi per un approccio integrato e multidisciplinare"}]},{"@type":"Article","@id":"https:\/\/www.asimas.it\/new_asimas\/la-mastocitosi-sistemica-le-basi-per-un-approccio-integrato-e-multidisciplinare\/#article","isPartOf":{"@id":"https:\/\/www.asimas.it\/new_asimas\/la-mastocitosi-sistemica-le-basi-per-un-approccio-integrato-e-multidisciplinare\/#webpage"},"author":{"@id":"https:\/\/www.asimas.it\/new_asimas\/#\/schema\/person\/f4cff0d0946e80b069d013531ab38b84"},"headline":"La mastocitosi sistemica: le basi per un approccio integrato e multidisciplinare","datePublished":"2024-10-03T12:35:33+00:00","dateModified":"2024-10-08T11:13:02+00:00","mainEntityOfPage":{"@id":"https:\/\/www.asimas.it\/new_asimas\/la-mastocitosi-sistemica-le-basi-per-un-approccio-integrato-e-multidisciplinare\/#webpage"},"wordCount":394,"publisher":{"@id":"https:\/\/www.asimas.it\/new_asimas\/#organization"},"articleSection":["2024","News"],"inLanguage":"it-IT"},{"@type":"Person","@id":"https:\/\/www.asimas.it\/new_asimas\/#\/schema\/person\/f4cff0d0946e80b069d013531ab38b84","name":"Dani","image":{"@type":"ImageObject","@id":"https:\/\/www.asimas.it\/new_asimas\/#personlogo","inLanguage":"it-IT","url":"http:\/\/0.gravatar.com\/avatar\/c03fe6a88949b182e89f15f862f46000?s=96&d=mm&r=g","contentUrl":"http:\/\/0.gravatar.com\/avatar\/c03fe6a88949b182e89f15f862f46000?s=96&d=mm&r=g","caption":"Dani"},"url":"http:\/\/www.asimas.it\/new_asimas\/author\/admin\/"}]}},"_links":{"self":[{"href":"http:\/\/www.asimas.it\/new_asimas\/wp-json\/wp\/v2\/posts\/5093"}],"collection":[{"href":"http:\/\/www.asimas.it\/new_asimas\/wp-json\/wp\/v2\/posts"}],"about":[{"href":"http:\/\/www.asimas.it\/new_asimas\/wp-json\/wp\/v2\/types\/post"}],"author":[{"embeddable":true,"href":"http:\/\/www.asimas.it\/new_asimas\/wp-json\/wp\/v2\/users\/1"}],"replies":[{"embeddable":true,"href":"http:\/\/www.asimas.it\/new_asimas\/wp-json\/wp\/v2\/comments?post=5093"}],"version-history":[{"count":11,"href":"http:\/\/www.asimas.it\/new_asimas\/wp-json\/wp\/v2\/posts\/5093\/revisions"}],"predecessor-version":[{"id":5176,"href":"http:\/\/www.asimas.it\/new_asimas\/wp-json\/wp\/v2\/posts\/5093\/revisions\/5176"}],"wp:attachment":[{"href":"http:\/\/www.asimas.it\/new_asimas\/wp-json\/wp\/v2\/media?parent=5093"}],"wp:term":[{"taxonomy":"category","embeddable":true,"href":"http:\/\/www.asimas.it\/new_asimas\/wp-json\/wp\/v2\/categories?post=5093"},{"taxonomy":"post_tag","embeddable":true,"href":"http:\/\/www.asimas.it\/new_asimas\/wp-json\/wp\/v2\/tags?post=5093"}],"curies":[{"name":"wp","href":"https:\/\/api.w.org\/{rel}","templated":true}]}}