{"id":5062,"date":"2024-06-08T16:23:06","date_gmt":"2024-06-08T14:23:06","guid":{"rendered":"https:\/\/www.asimas.it\/new_asimas\/?p=5062"},"modified":"2024-06-08T16:31:32","modified_gmt":"2024-06-08T14:31:32","slug":"malati-invisibili-etica-per-le-malattie-rare-appuntamento-il-19-giugno","status":"publish","type":"post","link":"http:\/\/www.asimas.it\/new_asimas\/malati-invisibili-etica-per-le-malattie-rare-appuntamento-il-19-giugno\/","title":{"rendered":"Malati Invisibili &#8211; Etica per le malattie rare &#8211; Appuntamento il 19 giugno"},"content":{"rendered":"\n<p><strong>Il 19 giugno 2024<\/strong>, presso la Biblioteca Centrale &#8220;G. Marconi&#8221; del CNR di Roma, si terr\u00e0 il workshop <strong>&#8220;Malati invisibili. Etica per le malattie rare&#8221;<\/strong>.<\/p>\n\n\n\n<br>\n\n\n\n<p>Un&#8217;occasione importante per approfondire le tematiche legate a queste patologie che, pur colpendo un numero esiguo di persone, hanno un impatto significativo sulla loro vita e quella dei loro familiari.<\/p>\n\n\n\n<br>\n\n\n\n<p>L&#8217;evento, che si svolger\u00e0 in modalit\u00e0 mista (in presenza per i relatori e online per gli uditori esterni), si articoler\u00e0 in due sessioni:<\/p>\n\n\n\n<b><p>\u2022 Prima Sessione: La ricerca scientifica<\/p><p>\u2022 Seconda Sessione: Il ruolo delle Associazioni dei Pazienti<\/p><p>\u2022 Seguir\u00e0 un dibattito con le associazioni e la chiusura dell&#8217;evento<\/b><br>\n\n\n\n<br>\n\n\n\n<p><strong>Info e registrazione:<\/strong><\/p>\n\n\n\n<p><a href=\"https:\/\/events.teams.microsoft.com\/event\/02b4a724-ca1f-4b7b-9c76-95908438909d@34c64e9f-d27f-4edd-a1f0-1397f0c84f94\">Clicca qui per registrarti all&#8217;evento<\/a><\/p>\n\n\n\n<p><a href=\"https:\/\/www.asimas.it\/new_asimas\/wp-content\/uploads\/2024\/06\/2024_06_19_Programma-workshop_Malati-invisibili.pdf\">Clicca qui per visualizzare il programma completo<\/a><\/p>\n\n\n\n<br>\n\n\n\n<p>Per maggiori informazioni \u00e8 possibile, inoltre, inviare una mail all&#8217;indirizzo <a href=\"mailto:info@ethics.cnr.it\">info@ethics.cnr.it<\/a> .<\/p>\n\n\n\n<br>\n\n\n\n<p>Coordinatirce e moderatrice: Elena Mancini<\/p>\n\n\n\n<p>Segreteria scientifica: Elena Mancini, Emanuela Midolo<\/p>\n\n\n\n<p>Segreteria tecnica: Tiziana Ciciotti, Paola Grisanti, Emiliano Liberatori, Tiziana Pugliatti<\/p>\n\n\n\n<br>\n\n\n\n<p>Vi aspettiamo numerosi!<\/p>\n\n\n\n<p><strong><a href=\"https:\/\/events.teams.microsoft.com\/event\/02b4a724-ca1f-4b7b-9c76-95908438909d@34c64e9f-d27f-4edd-a1f0-1397f0c84f94\">&nbsp;<\/a><\/strong><\/p>\n","protected":false},"excerpt":{"rendered":"<p>Il 19 giugno 2024, presso la Biblioteca Centrale &#8220;G. Marconi&#8221; del CNR di Roma, si terr\u00e0 il workshop &#8220;Malati invisibili. Etica per le malattie rare&#8221;. Un&#8217;occasione importante per approfondire le [&hellip;]<\/p>\n","protected":false},"author":1,"featured_media":0,"comment_status":"closed","ping_status":"open","sticky":false,"template":"","format":"standard","meta":[],"categories":[23,2],"tags":[],"yoast_head":"<!-- This site is optimized with the Yoast SEO plugin v18.4.1 - https:\/\/yoast.com\/wordpress\/plugins\/seo\/ -->\r\n<title>Malati Invisibili - Etica per le malattie rare - Appuntamento il 19 giugno - Asimas<\/title>\r\n<meta name=\"robots\" content=\"noindex, follow\" \/>\r\n<meta property=\"og:locale\" content=\"it_IT\" \/>\r\n<meta property=\"og:type\" content=\"article\" \/>\r\n<meta property=\"og:title\" content=\"Malati Invisibili - Etica per le malattie rare - Appuntamento il 19 giugno - Asimas\" \/>\r\n<meta property=\"og:description\" content=\"Il 19 giugno 2024, presso la Biblioteca Centrale &#8220;G. Marconi&#8221; del CNR di Roma, si terr\u00e0 il workshop &#8220;Malati invisibili. Etica per le malattie rare&#8221;. Un&#8217;occasione importante per approfondire le [&hellip;]\" \/>\r\n<meta property=\"og:url\" content=\"http:\/\/www.asimas.it\/new_asimas\/malati-invisibili-etica-per-le-malattie-rare-appuntamento-il-19-giugno\/\" \/>\r\n<meta property=\"og:site_name\" content=\"Asimas\" \/>\r\n<meta property=\"article:published_time\" content=\"2024-06-08T14:23:06+00:00\" \/>\r\n<meta property=\"article:modified_time\" content=\"2024-06-08T14:31:32+00:00\" \/>\r\n<meta name=\"twitter:card\" content=\"summary_large_image\" \/>\r\n<meta name=\"twitter:label1\" content=\"Scritto da\" \/>\n\t<meta name=\"twitter:data1\" content=\"Dani\" \/>\n\t<meta name=\"twitter:label2\" content=\"Tempo di lettura stimato\" \/>\n\t<meta name=\"twitter:data2\" content=\"1 minuto\" \/>\r\n<script type=\"application\/ld+json\" class=\"yoast-schema-graph\">{\"@context\":\"https:\/\/schema.org\",\"@graph\":[{\"@type\":\"Organization\",\"@id\":\"https:\/\/www.asimas.it\/new_asimas\/#organization\",\"name\":\"ASIMAS - Associazione Italiana Mastocitosi\",\"url\":\"https:\/\/www.asimas.it\/new_asimas\/\",\"sameAs\":[],\"logo\":{\"@type\":\"ImageObject\",\"@id\":\"https:\/\/www.asimas.it\/new_asimas\/#logo\",\"inLanguage\":\"it-IT\",\"url\":\"https:\/\/www.asimas.it\/new_asimas\/wp-content\/uploads\/2019\/04\/logo-asimas.png\",\"contentUrl\":\"https:\/\/www.asimas.it\/new_asimas\/wp-content\/uploads\/2019\/04\/logo-asimas.png\",\"width\":240,\"height\":240,\"caption\":\"ASIMAS - Associazione Italiana Mastocitosi\"},\"image\":{\"@id\":\"https:\/\/www.asimas.it\/new_asimas\/#logo\"}},{\"@type\":\"WebSite\",\"@id\":\"https:\/\/www.asimas.it\/new_asimas\/#website\",\"url\":\"https:\/\/www.asimas.it\/new_asimas\/\",\"name\":\"Asimas\",\"description\":\"Associazione Italiana Mastocitosi\",\"publisher\":{\"@id\":\"https:\/\/www.asimas.it\/new_asimas\/#organization\"},\"potentialAction\":[{\"@type\":\"SearchAction\",\"target\":{\"@type\":\"EntryPoint\",\"urlTemplate\":\"https:\/\/www.asimas.it\/new_asimas\/?s={search_term_string}\"},\"query-input\":\"required name=search_term_string\"}],\"inLanguage\":\"it-IT\"},{\"@type\":\"WebPage\",\"@id\":\"http:\/\/www.asimas.it\/new_asimas\/malati-invisibili-etica-per-le-malattie-rare-appuntamento-il-19-giugno\/#webpage\",\"url\":\"http:\/\/www.asimas.it\/new_asimas\/malati-invisibili-etica-per-le-malattie-rare-appuntamento-il-19-giugno\/\",\"name\":\"Malati Invisibili - Etica per le malattie rare - Appuntamento il 19 giugno - Asimas\",\"isPartOf\":{\"@id\":\"https:\/\/www.asimas.it\/new_asimas\/#website\"},\"datePublished\":\"2024-06-08T14:23:06+00:00\",\"dateModified\":\"2024-06-08T14:31:32+00:00\",\"breadcrumb\":{\"@id\":\"http:\/\/www.asimas.it\/new_asimas\/malati-invisibili-etica-per-le-malattie-rare-appuntamento-il-19-giugno\/#breadcrumb\"},\"inLanguage\":\"it-IT\",\"potentialAction\":[{\"@type\":\"ReadAction\",\"target\":[\"http:\/\/www.asimas.it\/new_asimas\/malati-invisibili-etica-per-le-malattie-rare-appuntamento-il-19-giugno\/\"]}]},{\"@type\":\"BreadcrumbList\",\"@id\":\"http:\/\/www.asimas.it\/new_asimas\/malati-invisibili-etica-per-le-malattie-rare-appuntamento-il-19-giugno\/#breadcrumb\",\"itemListElement\":[{\"@type\":\"ListItem\",\"position\":1,\"name\":\"Home\",\"item\":\"https:\/\/www.asimas.it\/new_asimas\/\"},{\"@type\":\"ListItem\",\"position\":2,\"name\":\"Malati Invisibili &#8211; Etica per le malattie rare &#8211; Appuntamento il 19 giugno\"}]},{\"@type\":\"Article\",\"@id\":\"http:\/\/www.asimas.it\/new_asimas\/malati-invisibili-etica-per-le-malattie-rare-appuntamento-il-19-giugno\/#article\",\"isPartOf\":{\"@id\":\"http:\/\/www.asimas.it\/new_asimas\/malati-invisibili-etica-per-le-malattie-rare-appuntamento-il-19-giugno\/#webpage\"},\"author\":{\"@id\":\"https:\/\/www.asimas.it\/new_asimas\/#\/schema\/person\/f4cff0d0946e80b069d013531ab38b84\"},\"headline\":\"Malati Invisibili &#8211; Etica per le malattie rare &#8211; Appuntamento il 19 giugno\",\"datePublished\":\"2024-06-08T14:23:06+00:00\",\"dateModified\":\"2024-06-08T14:31:32+00:00\",\"mainEntityOfPage\":{\"@id\":\"http:\/\/www.asimas.it\/new_asimas\/malati-invisibili-etica-per-le-malattie-rare-appuntamento-il-19-giugno\/#webpage\"},\"wordCount\":164,\"publisher\":{\"@id\":\"https:\/\/www.asimas.it\/new_asimas\/#organization\"},\"articleSection\":[\"2024\",\"News\"],\"inLanguage\":\"it-IT\"},{\"@type\":\"Person\",\"@id\":\"https:\/\/www.asimas.it\/new_asimas\/#\/schema\/person\/f4cff0d0946e80b069d013531ab38b84\",\"name\":\"Dani\",\"image\":{\"@type\":\"ImageObject\",\"@id\":\"https:\/\/www.asimas.it\/new_asimas\/#personlogo\",\"inLanguage\":\"it-IT\",\"url\":\"http:\/\/0.gravatar.com\/avatar\/c03fe6a88949b182e89f15f862f46000?s=96&d=mm&r=g\",\"contentUrl\":\"http:\/\/0.gravatar.com\/avatar\/c03fe6a88949b182e89f15f862f46000?s=96&d=mm&r=g\",\"caption\":\"Dani\"},\"url\":\"http:\/\/www.asimas.it\/new_asimas\/author\/admin\/\"}]}<\/script>\r\n<!-- \/ Yoast SEO plugin. -->","yoast_head_json":{"title":"Malati Invisibili - Etica per le malattie rare - Appuntamento il 19 giugno - Asimas","robots":{"index":"noindex","follow":"follow"},"og_locale":"it_IT","og_type":"article","og_title":"Malati Invisibili - Etica per le malattie rare - Appuntamento il 19 giugno - Asimas","og_description":"Il 19 giugno 2024, presso la Biblioteca Centrale &#8220;G. Marconi&#8221; del CNR di Roma, si terr\u00e0 il workshop &#8220;Malati invisibili. Etica per le malattie rare&#8221;. Un&#8217;occasione importante per approfondire le [&hellip;]","og_url":"http:\/\/www.asimas.it\/new_asimas\/malati-invisibili-etica-per-le-malattie-rare-appuntamento-il-19-giugno\/","og_site_name":"Asimas","article_published_time":"2024-06-08T14:23:06+00:00","article_modified_time":"2024-06-08T14:31:32+00:00","twitter_card":"summary_large_image","twitter_misc":{"Scritto da":"Dani","Tempo di lettura stimato":"1 minuto"},"schema":{"@context":"https:\/\/schema.org","@graph":[{"@type":"Organization","@id":"https:\/\/www.asimas.it\/new_asimas\/#organization","name":"ASIMAS - Associazione Italiana Mastocitosi","url":"https:\/\/www.asimas.it\/new_asimas\/","sameAs":[],"logo":{"@type":"ImageObject","@id":"https:\/\/www.asimas.it\/new_asimas\/#logo","inLanguage":"it-IT","url":"https:\/\/www.asimas.it\/new_asimas\/wp-content\/uploads\/2019\/04\/logo-asimas.png","contentUrl":"https:\/\/www.asimas.it\/new_asimas\/wp-content\/uploads\/2019\/04\/logo-asimas.png","width":240,"height":240,"caption":"ASIMAS - Associazione Italiana Mastocitosi"},"image":{"@id":"https:\/\/www.asimas.it\/new_asimas\/#logo"}},{"@type":"WebSite","@id":"https:\/\/www.asimas.it\/new_asimas\/#website","url":"https:\/\/www.asimas.it\/new_asimas\/","name":"Asimas","description":"Associazione Italiana Mastocitosi","publisher":{"@id":"https:\/\/www.asimas.it\/new_asimas\/#organization"},"potentialAction":[{"@type":"SearchAction","target":{"@type":"EntryPoint","urlTemplate":"https:\/\/www.asimas.it\/new_asimas\/?s={search_term_string}"},"query-input":"required name=search_term_string"}],"inLanguage":"it-IT"},{"@type":"WebPage","@id":"http:\/\/www.asimas.it\/new_asimas\/malati-invisibili-etica-per-le-malattie-rare-appuntamento-il-19-giugno\/#webpage","url":"http:\/\/www.asimas.it\/new_asimas\/malati-invisibili-etica-per-le-malattie-rare-appuntamento-il-19-giugno\/","name":"Malati Invisibili - Etica per le malattie rare - Appuntamento il 19 giugno - Asimas","isPartOf":{"@id":"https:\/\/www.asimas.it\/new_asimas\/#website"},"datePublished":"2024-06-08T14:23:06+00:00","dateModified":"2024-06-08T14:31:32+00:00","breadcrumb":{"@id":"http:\/\/www.asimas.it\/new_asimas\/malati-invisibili-etica-per-le-malattie-rare-appuntamento-il-19-giugno\/#breadcrumb"},"inLanguage":"it-IT","potentialAction":[{"@type":"ReadAction","target":["http:\/\/www.asimas.it\/new_asimas\/malati-invisibili-etica-per-le-malattie-rare-appuntamento-il-19-giugno\/"]}]},{"@type":"BreadcrumbList","@id":"http:\/\/www.asimas.it\/new_asimas\/malati-invisibili-etica-per-le-malattie-rare-appuntamento-il-19-giugno\/#breadcrumb","itemListElement":[{"@type":"ListItem","position":1,"name":"Home","item":"https:\/\/www.asimas.it\/new_asimas\/"},{"@type":"ListItem","position":2,"name":"Malati Invisibili &#8211; Etica per le malattie rare &#8211; Appuntamento il 19 giugno"}]},{"@type":"Article","@id":"http:\/\/www.asimas.it\/new_asimas\/malati-invisibili-etica-per-le-malattie-rare-appuntamento-il-19-giugno\/#article","isPartOf":{"@id":"http:\/\/www.asimas.it\/new_asimas\/malati-invisibili-etica-per-le-malattie-rare-appuntamento-il-19-giugno\/#webpage"},"author":{"@id":"https:\/\/www.asimas.it\/new_asimas\/#\/schema\/person\/f4cff0d0946e80b069d013531ab38b84"},"headline":"Malati Invisibili &#8211; Etica per le malattie rare &#8211; Appuntamento il 19 giugno","datePublished":"2024-06-08T14:23:06+00:00","dateModified":"2024-06-08T14:31:32+00:00","mainEntityOfPage":{"@id":"http:\/\/www.asimas.it\/new_asimas\/malati-invisibili-etica-per-le-malattie-rare-appuntamento-il-19-giugno\/#webpage"},"wordCount":164,"publisher":{"@id":"https:\/\/www.asimas.it\/new_asimas\/#organization"},"articleSection":["2024","News"],"inLanguage":"it-IT"},{"@type":"Person","@id":"https:\/\/www.asimas.it\/new_asimas\/#\/schema\/person\/f4cff0d0946e80b069d013531ab38b84","name":"Dani","image":{"@type":"ImageObject","@id":"https:\/\/www.asimas.it\/new_asimas\/#personlogo","inLanguage":"it-IT","url":"http:\/\/0.gravatar.com\/avatar\/c03fe6a88949b182e89f15f862f46000?s=96&d=mm&r=g","contentUrl":"http:\/\/0.gravatar.com\/avatar\/c03fe6a88949b182e89f15f862f46000?s=96&d=mm&r=g","caption":"Dani"},"url":"http:\/\/www.asimas.it\/new_asimas\/author\/admin\/"}]}},"_links":{"self":[{"href":"http:\/\/www.asimas.it\/new_asimas\/wp-json\/wp\/v2\/posts\/5062"}],"collection":[{"href":"http:\/\/www.asimas.it\/new_asimas\/wp-json\/wp\/v2\/posts"}],"about":[{"href":"http:\/\/www.asimas.it\/new_asimas\/wp-json\/wp\/v2\/types\/post"}],"author":[{"embeddable":true,"href":"http:\/\/www.asimas.it\/new_asimas\/wp-json\/wp\/v2\/users\/1"}],"replies":[{"embeddable":true,"href":"http:\/\/www.asimas.it\/new_asimas\/wp-json\/wp\/v2\/comments?post=5062"}],"version-history":[{"count":15,"href":"http:\/\/www.asimas.it\/new_asimas\/wp-json\/wp\/v2\/posts\/5062\/revisions"}],"predecessor-version":[{"id":5080,"href":"http:\/\/www.asimas.it\/new_asimas\/wp-json\/wp\/v2\/posts\/5062\/revisions\/5080"}],"wp:attachment":[{"href":"http:\/\/www.asimas.it\/new_asimas\/wp-json\/wp\/v2\/media?parent=5062"}],"wp:term":[{"taxonomy":"category","embeddable":true,"href":"http:\/\/www.asimas.it\/new_asimas\/wp-json\/wp\/v2\/categories?post=5062"},{"taxonomy":"post_tag","embeddable":true,"href":"http:\/\/www.asimas.it\/new_asimas\/wp-json\/wp\/v2\/tags?post=5062"}],"curies":[{"name":"wp","href":"https:\/\/api.w.org\/{rel}","templated":true}]}}