{"id":5055,"date":"2024-05-20T17:02:43","date_gmt":"2024-05-20T15:02:43","guid":{"rendered":"https:\/\/www.asimas.it\/new_asimas\/?p=5055"},"modified":"2024-05-21T09:31:32","modified_gmt":"2024-05-21T07:31:32","slug":"dottoressa-scotto-presenta-asimas","status":"publish","type":"post","link":"http:\/\/www.asimas.it\/new_asimas\/dottoressa-scotto-presenta-asimas\/","title":{"rendered":"D.ssa Scotto presenta Asimas"},"content":{"rendered":"<p>Buongiorno a tutti e grazie per l\u2019attenzione che mi dedicherete.<\/p>\n<p>Io sono Francesca Scotto Lavina, faccio parte da quest\u2019anno del comitato scientifico di Asimas, associazione Italiana mastocitosi e un\u2019associata.<\/p>\n<p>Ringrazio la presidente di Asimas, Patrizia Marcis, anche lei qui presente, per avermi concesso l\u2019onore e l\u2019onere di essere la portavoce di tutti i malati di mastocitosi, presenti e non, in un contesto cos\u00ec importante. Naturalmente Ringrazio il prof.re Vannucchi il dott. Mannelli e tutta l\u2019equipe medica a nome di Asimas per l\u2019invito.<\/p>\n<p>Questa \u00e8 una giornata organizzata per i pazienti, per rispondere alle loro domande, per soddisfare i loro bisogni, dare loro prospettive.<br \/>\nIo, per\u00f2, non sono una paziente, sono la mamma di Edoardo, un piccolo paziente di 5 anni, che ha la mastocitosi dalla nascita, diagnosticata all\u2019et\u00e0 di 5 mesi.<\/p>\n<p>Ed \u00e8 proprio durante il faticoso percorso di accettazione della diagnosi che ho incontrato Asimas, nella persona di Patrizia e Teresa, anche loro mamme, che prima di me hanno affrontato questa fase, un momento in cui sembra di brancolare nel buio e combattere contro un nemico terribile e sconosciuto una battaglia al di sopra delle proprie forze. Insieme a tutti gli altri membri del direttivo, loro mi hanno davvero accolta e sostenuta. Con il loro garbo e la competenza mi hanno indirizzato, ma soprattutto mi hanno dato la forza, che scaturisce dal sentirsi compresa e parte di una famiglia.<\/p>\n<p>Da qui nasce l\u2019importanza fondamentale di un\u2019associazione, in cui i malati si riconoscano, condividendone la mission e gli intenti.<\/p>\n<p>Pertanto, oggi Sono qui a rappresentare l\u2019asimas, che accoglie e rappresenta gli ammalati di mastocitosi in tutte le sue forme, che tutti i giorni convivono con gli effetti, a volte invalidanti, della malattia i loro caregivers, genitori come me, familiari, che sono loro accanto nel viaggio di scoperta della loro condizione.<\/p>\n<p>Asimas nasce nel 2008 con l\u2019intento di poter acquisire e divulgare informazioni per questa patologia ancora oggi poco conosciuta, o meglio sottostimata, una patologia che sfugge spesso all\u2019attenzione dei medici con ancora un notevole ritardo di diagnosi, una patologia, come tante realt\u00e0 rare, adeguatamente trattata solo all\u2019interno dei centri di riferimento, preposti a percorsi di cura&nbsp;e&nbsp;diagnosi.<\/p>\n<p>Tutte le informazioni sono fruibili tramite il sito e tramite i canali social, come le pagine Facebook, (click) la pagina pubblica \u2018io sostengo Asimas\u2019 e(click)la pagina di Asimas, il gruppo chiuso dedicato ai malati e ai loro caregivers.<\/p>\n<p><strong>La mission di Asimas<\/strong><\/p>\n<p>Asimas, che nasce nel 2008 per volont\u00e0 di un piccolo gruppo di malati dislocati in varie regioni d\u2019Italia, \u00e8 oggi una realt\u00e0 consolidata e si impegna ogni giorno per fare in modo che le istanze e i diritti delle persone possano essere riconosciuti e sostenuti. L\u2019Associazione crede infatti fortemente nella necessit\u00e0 di diffondere la<br \/>\nconoscenza della malattia verso le istituzioni, i clinici, i medici delle cure primarie e la societ\u00e0 civile, per accrescere la consapevolezza della patologia e migliorare la presa in carico e l\u2019assistenza dei malati collaborando attivamente con i centri di riferimento e grazie anche a giornate come queste.<\/p>\n<p>E tutto questo \u00e8 ben esplicato nel manifesto redatto con il riconoscimento di alcune delle societ\u00e0 scientifiche coinvolte nella diagnosi e cura allo scopo di migliorare le risposte ai bisogni di cura dei pazienti e metterli a conoscenza:<\/p>\n<p>&#8211; della presenza sul territorio di ambulatori dedicati alla diagnosi e alla cura della patologia;<\/p>\n<p>-del supporto dell\u2019associazione alla RIMA Rete italiana mastocitosi, per quanto riguarda sia le attivit\u00e0 di ricerca e che l\u2019elaborazione del registro italiano Mastocitosi, in cui i dati clinici e biologici dei pazienti sono raccolti, questione quanto mai fondamentale per le patologie rare, al fine di favorire la ricerca e lo sviluppo di terapie sempre pi\u00f9 personalizzate;<\/p>\n<p>-dell\u2019esistenza di un codice di esenzione per la patologia;<\/p>\n<p>-delle tecniche diagnostiche e delle terapie oggi disponibili. La ricerca ha dato nuove speranze ai malati di mastocitosi sistemica, Oltre la midostaririna, gi\u00e0 precedentemente approvata da Ema per il trattamento delle forme avanzate, anche l\u2019Avapritinib recentemente autorizzato dall\u2019Agenzia Europea del Farmaco (EMA) per il trattamento delle forme sistemiche avanzate.<\/p>\n<p>Grazie alla RIMA ci pregiamo di avere i Piani diagnostici terapeutici, (click)di cui vi mostriamo il sommario, solo per darvi l\u2019idea del grande lavoro per il quale ringraziamo tutti i medici, i biotecnologi e tutte le figure professionali coinvolte per il tempo e l\u2019impegno profuso.<\/p>\n<p><strong>Volume mastocitosi sistemica<\/strong><\/p>\n<p>\u00c8 stata anche curata la redazione del volume sull\u2019approccio multidisciplinare alla mastocitosi sistemica (click)per quanto riguarda la diagnosi, la gestione e il trattamento.<\/p>\n<p><strong>Obiettivi futuri<\/strong><\/p>\n<p>Oggi a distanza di 15 anni siamo consapevoli che c\u2019\u00e8 ancora molto lavoro da fare, ma grazie all\u2019attenzione dei medici, alla collaborazione con la RIMA indubbiamente siamo pi\u00f9 fiduciosi e meno soli.<\/p>\n<p>In virt\u00f9 delle criticit\u00e0 ancora presenti gli obiettivi futuri che Asimas si \u00e8 prefissata sono:<\/p>\n<p>&#8211; Il riconoscimento dell\u2019invalidit\u00e0 civile per questa patologia ad oggi sconosciuta nella maggior parte delle commissioni mediche, adeguate valutazioni, riconoscemento delle particolari esigenze e specifiche condizioni-soggettivit\u00e0 cliniche<\/p>\n<p>&#8211;&nbsp; La realizzazione di Percorsi di continuit\u00e0 per i bambini e potenziamento dei follow-up nelle mastocitosi infantili<\/p>\n<p>&#8211; La riduzione dei tempi di diagnosi per un accesso pi\u00f9 veloce alle cure presso i centri di riferimento, grazie anche all\u2019informazione e alla formazione dei medici di medicina generale e pediatri di libera scelta<\/p>\n<p>&#8211; Il potenziamento delle tecniche diagnostiche, l\u2019accesso agli esami con esenzione e alle cure in tutte le regioni, ad oggi purtroppo frammentate e diverse Regione per Regione<\/p>\n<p>Questo in breve descrive la mission di Asimas, una famiglia che accoglie, tutela indirizza, informa.<\/p>\n<p>Il nostro obbiettivo primario \u00e8 sostenere come possiamo la ricerca, dare una speranza a a migliaia di malati e famiglie, assicurando loro una diagnosi corretta, costante monitoraggio e assistenza nel tempo.<\/p>\n<p>L\u00e0 dove non arriva ancora una cura, la comprensione l\u2019attenzione il non sentirsi abbandonati diventano parte integrante di una terapia.<\/p>\n<p>GRAZIE PER L\u2019ATTENZIONE<\/p>\n","protected":false},"excerpt":{"rendered":"<p>Buongiorno a tutti e grazie per l\u2019attenzione che mi dedicherete. Io sono Francesca Scotto Lavina, faccio parte da quest\u2019anno del comitato scientifico di Asimas, associazione Italiana mastocitosi e un\u2019associata. Ringrazio [&hellip;]<\/p>\n","protected":false},"author":1,"featured_media":0,"comment_status":"closed","ping_status":"open","sticky":false,"template":"","format":"standard","meta":[],"categories":[23,2],"tags":[],"yoast_head":"<!-- This site is optimized with the Yoast SEO plugin v18.4.1 - https:\/\/yoast.com\/wordpress\/plugins\/seo\/ -->\r\n<title>D.ssa Scotto presenta Asimas - Asimas<\/title>\r\n<meta name=\"robots\" content=\"noindex, follow\" \/>\r\n<meta property=\"og:locale\" content=\"it_IT\" \/>\r\n<meta property=\"og:type\" content=\"article\" \/>\r\n<meta property=\"og:title\" content=\"D.ssa Scotto presenta Asimas - Asimas\" \/>\r\n<meta property=\"og:description\" content=\"Buongiorno a tutti e grazie per l\u2019attenzione che mi dedicherete. Io sono Francesca Scotto Lavina, faccio parte da quest\u2019anno del comitato scientifico di Asimas, associazione Italiana mastocitosi e un\u2019associata. Ringrazio [&hellip;]\" \/>\r\n<meta property=\"og:url\" content=\"http:\/\/www.asimas.it\/new_asimas\/dottoressa-scotto-presenta-asimas\/\" \/>\r\n<meta property=\"og:site_name\" content=\"Asimas\" \/>\r\n<meta property=\"article:published_time\" content=\"2024-05-20T15:02:43+00:00\" \/>\r\n<meta property=\"article:modified_time\" content=\"2024-05-21T07:31:32+00:00\" \/>\r\n<meta name=\"twitter:card\" content=\"summary_large_image\" \/>\r\n<meta name=\"twitter:label1\" content=\"Scritto da\" \/>\n\t<meta name=\"twitter:data1\" content=\"Dani\" \/>\n\t<meta name=\"twitter:label2\" content=\"Tempo di lettura stimato\" \/>\n\t<meta name=\"twitter:data2\" content=\"6 minuti\" \/>\r\n<script type=\"application\/ld+json\" class=\"yoast-schema-graph\">{\"@context\":\"https:\/\/schema.org\",\"@graph\":[{\"@type\":\"Organization\",\"@id\":\"https:\/\/www.asimas.it\/new_asimas\/#organization\",\"name\":\"ASIMAS - Associazione Italiana Mastocitosi\",\"url\":\"https:\/\/www.asimas.it\/new_asimas\/\",\"sameAs\":[],\"logo\":{\"@type\":\"ImageObject\",\"@id\":\"https:\/\/www.asimas.it\/new_asimas\/#logo\",\"inLanguage\":\"it-IT\",\"url\":\"https:\/\/www.asimas.it\/new_asimas\/wp-content\/uploads\/2019\/04\/logo-asimas.png\",\"contentUrl\":\"https:\/\/www.asimas.it\/new_asimas\/wp-content\/uploads\/2019\/04\/logo-asimas.png\",\"width\":240,\"height\":240,\"caption\":\"ASIMAS - Associazione Italiana Mastocitosi\"},\"image\":{\"@id\":\"https:\/\/www.asimas.it\/new_asimas\/#logo\"}},{\"@type\":\"WebSite\",\"@id\":\"https:\/\/www.asimas.it\/new_asimas\/#website\",\"url\":\"https:\/\/www.asimas.it\/new_asimas\/\",\"name\":\"Asimas\",\"description\":\"Associazione Italiana Mastocitosi\",\"publisher\":{\"@id\":\"https:\/\/www.asimas.it\/new_asimas\/#organization\"},\"potentialAction\":[{\"@type\":\"SearchAction\",\"target\":{\"@type\":\"EntryPoint\",\"urlTemplate\":\"https:\/\/www.asimas.it\/new_asimas\/?s={search_term_string}\"},\"query-input\":\"required name=search_term_string\"}],\"inLanguage\":\"it-IT\"},{\"@type\":\"WebPage\",\"@id\":\"http:\/\/www.asimas.it\/new_asimas\/dottoressa-scotto-presenta-asimas\/#webpage\",\"url\":\"http:\/\/www.asimas.it\/new_asimas\/dottoressa-scotto-presenta-asimas\/\",\"name\":\"D.ssa Scotto presenta Asimas - Asimas\",\"isPartOf\":{\"@id\":\"https:\/\/www.asimas.it\/new_asimas\/#website\"},\"datePublished\":\"2024-05-20T15:02:43+00:00\",\"dateModified\":\"2024-05-21T07:31:32+00:00\",\"breadcrumb\":{\"@id\":\"http:\/\/www.asimas.it\/new_asimas\/dottoressa-scotto-presenta-asimas\/#breadcrumb\"},\"inLanguage\":\"it-IT\",\"potentialAction\":[{\"@type\":\"ReadAction\",\"target\":[\"http:\/\/www.asimas.it\/new_asimas\/dottoressa-scotto-presenta-asimas\/\"]}]},{\"@type\":\"BreadcrumbList\",\"@id\":\"http:\/\/www.asimas.it\/new_asimas\/dottoressa-scotto-presenta-asimas\/#breadcrumb\",\"itemListElement\":[{\"@type\":\"ListItem\",\"position\":1,\"name\":\"Home\",\"item\":\"https:\/\/www.asimas.it\/new_asimas\/\"},{\"@type\":\"ListItem\",\"position\":2,\"name\":\"D.ssa Scotto presenta Asimas\"}]},{\"@type\":\"Article\",\"@id\":\"http:\/\/www.asimas.it\/new_asimas\/dottoressa-scotto-presenta-asimas\/#article\",\"isPartOf\":{\"@id\":\"http:\/\/www.asimas.it\/new_asimas\/dottoressa-scotto-presenta-asimas\/#webpage\"},\"author\":{\"@id\":\"https:\/\/www.asimas.it\/new_asimas\/#\/schema\/person\/f4cff0d0946e80b069d013531ab38b84\"},\"headline\":\"D.ssa Scotto presenta Asimas\",\"datePublished\":\"2024-05-20T15:02:43+00:00\",\"dateModified\":\"2024-05-21T07:31:32+00:00\",\"mainEntityOfPage\":{\"@id\":\"http:\/\/www.asimas.it\/new_asimas\/dottoressa-scotto-presenta-asimas\/#webpage\"},\"wordCount\":995,\"publisher\":{\"@id\":\"https:\/\/www.asimas.it\/new_asimas\/#organization\"},\"articleSection\":[\"2024\",\"News\"],\"inLanguage\":\"it-IT\"},{\"@type\":\"Person\",\"@id\":\"https:\/\/www.asimas.it\/new_asimas\/#\/schema\/person\/f4cff0d0946e80b069d013531ab38b84\",\"name\":\"Dani\",\"image\":{\"@type\":\"ImageObject\",\"@id\":\"https:\/\/www.asimas.it\/new_asimas\/#personlogo\",\"inLanguage\":\"it-IT\",\"url\":\"http:\/\/0.gravatar.com\/avatar\/c03fe6a88949b182e89f15f862f46000?s=96&d=mm&r=g\",\"contentUrl\":\"http:\/\/0.gravatar.com\/avatar\/c03fe6a88949b182e89f15f862f46000?s=96&d=mm&r=g\",\"caption\":\"Dani\"},\"url\":\"http:\/\/www.asimas.it\/new_asimas\/author\/admin\/\"}]}<\/script>\r\n<!-- \/ Yoast SEO plugin. -->","yoast_head_json":{"title":"D.ssa Scotto presenta Asimas - Asimas","robots":{"index":"noindex","follow":"follow"},"og_locale":"it_IT","og_type":"article","og_title":"D.ssa Scotto presenta Asimas - Asimas","og_description":"Buongiorno a tutti e grazie per l\u2019attenzione che mi dedicherete. Io sono Francesca Scotto Lavina, faccio parte da quest\u2019anno del comitato scientifico di Asimas, associazione Italiana mastocitosi e un\u2019associata. Ringrazio [&hellip;]","og_url":"http:\/\/www.asimas.it\/new_asimas\/dottoressa-scotto-presenta-asimas\/","og_site_name":"Asimas","article_published_time":"2024-05-20T15:02:43+00:00","article_modified_time":"2024-05-21T07:31:32+00:00","twitter_card":"summary_large_image","twitter_misc":{"Scritto da":"Dani","Tempo di lettura stimato":"6 minuti"},"schema":{"@context":"https:\/\/schema.org","@graph":[{"@type":"Organization","@id":"https:\/\/www.asimas.it\/new_asimas\/#organization","name":"ASIMAS - Associazione Italiana Mastocitosi","url":"https:\/\/www.asimas.it\/new_asimas\/","sameAs":[],"logo":{"@type":"ImageObject","@id":"https:\/\/www.asimas.it\/new_asimas\/#logo","inLanguage":"it-IT","url":"https:\/\/www.asimas.it\/new_asimas\/wp-content\/uploads\/2019\/04\/logo-asimas.png","contentUrl":"https:\/\/www.asimas.it\/new_asimas\/wp-content\/uploads\/2019\/04\/logo-asimas.png","width":240,"height":240,"caption":"ASIMAS - Associazione Italiana Mastocitosi"},"image":{"@id":"https:\/\/www.asimas.it\/new_asimas\/#logo"}},{"@type":"WebSite","@id":"https:\/\/www.asimas.it\/new_asimas\/#website","url":"https:\/\/www.asimas.it\/new_asimas\/","name":"Asimas","description":"Associazione Italiana Mastocitosi","publisher":{"@id":"https:\/\/www.asimas.it\/new_asimas\/#organization"},"potentialAction":[{"@type":"SearchAction","target":{"@type":"EntryPoint","urlTemplate":"https:\/\/www.asimas.it\/new_asimas\/?s={search_term_string}"},"query-input":"required name=search_term_string"}],"inLanguage":"it-IT"},{"@type":"WebPage","@id":"http:\/\/www.asimas.it\/new_asimas\/dottoressa-scotto-presenta-asimas\/#webpage","url":"http:\/\/www.asimas.it\/new_asimas\/dottoressa-scotto-presenta-asimas\/","name":"D.ssa Scotto presenta Asimas - Asimas","isPartOf":{"@id":"https:\/\/www.asimas.it\/new_asimas\/#website"},"datePublished":"2024-05-20T15:02:43+00:00","dateModified":"2024-05-21T07:31:32+00:00","breadcrumb":{"@id":"http:\/\/www.asimas.it\/new_asimas\/dottoressa-scotto-presenta-asimas\/#breadcrumb"},"inLanguage":"it-IT","potentialAction":[{"@type":"ReadAction","target":["http:\/\/www.asimas.it\/new_asimas\/dottoressa-scotto-presenta-asimas\/"]}]},{"@type":"BreadcrumbList","@id":"http:\/\/www.asimas.it\/new_asimas\/dottoressa-scotto-presenta-asimas\/#breadcrumb","itemListElement":[{"@type":"ListItem","position":1,"name":"Home","item":"https:\/\/www.asimas.it\/new_asimas\/"},{"@type":"ListItem","position":2,"name":"D.ssa Scotto presenta Asimas"}]},{"@type":"Article","@id":"http:\/\/www.asimas.it\/new_asimas\/dottoressa-scotto-presenta-asimas\/#article","isPartOf":{"@id":"http:\/\/www.asimas.it\/new_asimas\/dottoressa-scotto-presenta-asimas\/#webpage"},"author":{"@id":"https:\/\/www.asimas.it\/new_asimas\/#\/schema\/person\/f4cff0d0946e80b069d013531ab38b84"},"headline":"D.ssa Scotto presenta Asimas","datePublished":"2024-05-20T15:02:43+00:00","dateModified":"2024-05-21T07:31:32+00:00","mainEntityOfPage":{"@id":"http:\/\/www.asimas.it\/new_asimas\/dottoressa-scotto-presenta-asimas\/#webpage"},"wordCount":995,"publisher":{"@id":"https:\/\/www.asimas.it\/new_asimas\/#organization"},"articleSection":["2024","News"],"inLanguage":"it-IT"},{"@type":"Person","@id":"https:\/\/www.asimas.it\/new_asimas\/#\/schema\/person\/f4cff0d0946e80b069d013531ab38b84","name":"Dani","image":{"@type":"ImageObject","@id":"https:\/\/www.asimas.it\/new_asimas\/#personlogo","inLanguage":"it-IT","url":"http:\/\/0.gravatar.com\/avatar\/c03fe6a88949b182e89f15f862f46000?s=96&d=mm&r=g","contentUrl":"http:\/\/0.gravatar.com\/avatar\/c03fe6a88949b182e89f15f862f46000?s=96&d=mm&r=g","caption":"Dani"},"url":"http:\/\/www.asimas.it\/new_asimas\/author\/admin\/"}]}},"_links":{"self":[{"href":"http:\/\/www.asimas.it\/new_asimas\/wp-json\/wp\/v2\/posts\/5055"}],"collection":[{"href":"http:\/\/www.asimas.it\/new_asimas\/wp-json\/wp\/v2\/posts"}],"about":[{"href":"http:\/\/www.asimas.it\/new_asimas\/wp-json\/wp\/v2\/types\/post"}],"author":[{"embeddable":true,"href":"http:\/\/www.asimas.it\/new_asimas\/wp-json\/wp\/v2\/users\/1"}],"replies":[{"embeddable":true,"href":"http:\/\/www.asimas.it\/new_asimas\/wp-json\/wp\/v2\/comments?post=5055"}],"version-history":[{"count":4,"href":"http:\/\/www.asimas.it\/new_asimas\/wp-json\/wp\/v2\/posts\/5055\/revisions"}],"predecessor-version":[{"id":5060,"href":"http:\/\/www.asimas.it\/new_asimas\/wp-json\/wp\/v2\/posts\/5055\/revisions\/5060"}],"wp:attachment":[{"href":"http:\/\/www.asimas.it\/new_asimas\/wp-json\/wp\/v2\/media?parent=5055"}],"wp:term":[{"taxonomy":"category","embeddable":true,"href":"http:\/\/www.asimas.it\/new_asimas\/wp-json\/wp\/v2\/categories?post=5055"},{"taxonomy":"post_tag","embeddable":true,"href":"http:\/\/www.asimas.it\/new_asimas\/wp-json\/wp\/v2\/tags?post=5055"}],"curies":[{"name":"wp","href":"https:\/\/api.w.org\/{rel}","templated":true}]}}